
{"id":13519,"date":"2025-05-27T09:57:52","date_gmt":"2025-05-27T07:57:52","guid":{"rendered":"https:\/\/www.viabelgica.nl\/romeinen-waren-niet-de-eersten-in-rimburg\/"},"modified":"2025-10-03T20:12:03","modified_gmt":"2025-10-03T18:12:03","slug":"romeinen-waren-niet-de-eersten-in-rimburg","status":"publish","type":"post","link":"https:\/\/www.viabelgica.nl\/de\/romeinen-waren-niet-de-eersten-in-rimburg\/","title":{"rendered":"Die R\u00f6mer waren nicht die Ersten in Rimburg"},"content":{"rendered":"","protected":false},"excerpt":{"rendered":"","protected":false},"author":10,"featured_media":0,"comment_status":"closed","ping_status":"closed","sticky":false,"template":"","format":"standard","meta":{"_acf_changed":false,"inline_featured_image":false,"footnotes":""},"categories":[],"tags":[],"class_list":["post-13519","post","type-post","status-publish","format-standard","hentry"],"acf":{"categorie":35,"afbeelding":13479,"auteur":"Harry Lindelauf","fotografie":"Anja Neskens","contentbuilder":[{"acf_fc_layout":"tekst","tekst":"Die R\u00f6mer, die um das Jahr 50 n. Chr. ein Stra\u00dfendorf an der Br\u00fccke \u00fcber die Wurm gr\u00fcndeten, waren nicht die ersten Bewohner des Wormtals. Bereits im Neolithikum (5000\u20132000 v. Chr.) wurden sie von Bauern in zwei Siedlungen am Rand des Wormtals bei Rimburg vorangegangen."},{"acf_fc_layout":"foto_tekst","foto":11808,"tekst":"Es ist eine der Erkenntnisse, die die einzigartige deutsch-niederl\u00e4ndische Zusammenarbeit von Beh\u00f6rden, Organisationen und 120 Freiwilligen im Projekt \u201eRimburg gr\u00e4bt\/graaft\u201c hervorgebracht hat. Am Mittwoch, den 21. Mai 2025, kehrten die Arch\u00e4ologen nach Rimburg zur\u00fcck, um die Ergebnisse ihrer Untersuchungen zu pr\u00e4sentieren.\r\n\r\nFast ein Jahr zuvor, am 25. und 26. Mai 2024, machten sich dieselben Arch\u00e4ologen und Freiwilligen bei str\u00f6mendem Regen gemeinsam auf die Suche nach der Vergangenheit von Rimburg. Dies geschah auf beiden Seiten der Grenze au\u00dferhalb der als Bodendenkmal ausgewiesenen Fl\u00e4chen, die aufgrund r\u00f6mischer \u00dcberreste gesch\u00fctzt sind. Diese \u00dcberreste sind die Fundamente der Geb\u00e4ude des Dorfes, das um das Jahr 50 bei der Via-Belgica-Br\u00fccke \u00fcber die Worm entstand."},{"acf_fc_layout":"tekst_foto","tekst":"<h3>Wagenspuren<\/h3>\r\nHet graafwerk in 2024 vond plaats in tuinen, grasvelden en openbaar terrein. Er werden elf putten van een vierkante meter uitgegraven. Soms tot 1.85 meter diep, soms veel minder. Spelbreker was in een aantal situaties de hoge stand van het grondwater.\r\n\r\nAlle putten bleken gevuld met l\u00f6ss, heel fijne leem, die in de loop der tijd vanaf het plateau het Wormdal is ingespoeld door regen en smeltende sneeuw. Die leemlaag ligt boven op de oorspronkelijke laag uit de Romeinse tijd. Dat beschermt. Zo zijn in een put karrensporen uit de late Middeleeuwen ontdekt maar de leemlaag bevat daarentegen geen spectaculaire vondsten.","foto":13503},{"acf_fc_layout":"foto_tekst","foto":13507,"tekst":"<h3>Kiste vom Dachboden<\/h3>\r\nBesonders war jedoch, dass die Arch\u00e4ologen dank des \u201eRimburg gr\u00e4bt\u201c-Fiebers eine Kiste voller Grabbeigaben von einem Anwohner \u00fcberreicht bekamen. Die Kiste stand seit einer Ausgrabung im Jahr 1970 auf dem Dachboden und enthielt unter anderem einen bronzenen L\u00f6ffel und eine Keramikschale aus der Zeit zwischen 150 und 350 n. Chr. Die Funde stammen aus zwei Gr\u00e4bern eines r\u00f6mischen Gr\u00e4berfeldes, das 1970 bei Arbeiten am Abwassersystem entdeckt wurde.."},{"acf_fc_layout":"tekst_foto","tekst":"<h3>Gut gew\u00e4hlte Grenzen<\/h3>\r\nDie Arch\u00e4ologen sind auch aus einem anderen Grund zufrieden, dass keine gro\u00dfen r\u00f6mischen Funde gemacht wurden: \u201eDie Ausgrabungen in den Sondagen zeigen, dass die Grenzen des Denkmalbereichs gut gew\u00e4hlt sind\u201c, findet die deutsche Arch\u00e4ologin Petra Tullies. Auch die Erkenntnisse \u00fcber den Aufbau der Bodenschichten sind ein willkommenes Ergebnis, meint Hilde Vanneste, Regionalarch\u00e4ologin von Parkstad. Denn dieses Wissen ist hilfreich, falls in der Zukunft erneut gegraben werden muss.","foto":13499},{"acf_fc_layout":"foto_tekst","foto":13511,"tekst":"<h3>Besonders, wie Geschichte verbindet<\/h3>\r\n\u201eRimburg gr\u00e4bt\u201c hatte noch ein weiteres, im Voraus angestrebtes Ergebnis: Landgraaf\/Rimburg und \u00dcbach-Palenberg sind enger zusammengewachsen. B\u00fcrgermeister Richard de Boer aus Landgraaf: \u201eEs ist besonders zu sehen, wie Geschichte Menschen verbindet. Dass B\u00fcrgerinnen und B\u00fcrger aus den Niederlanden und Deutschland gemeinsam nach ihrer geteilten Vergangenheit graben, macht mich stolz. Dieses Projekt zeigt, wie wertvoll grenz\u00fcberschreitende Zusammenarbeit ist \u2013 nicht nur f\u00fcr die Wissenschaft, sondern auch f\u00fcr die Gemeinschaft.\u201c"},{"acf_fc_layout":"tekst_foto","tekst":"<h3>Ein wundersch\u00f6nes Beispiel<\/h3>\r\nB\u00fcrgermeister Oliver Walther von \u00dcbach-Palenberg war damit ganz und gar einverstanden: \u201eRimburg gr\u00e4bt\/graaft! ist ein wundersch\u00f6nes Beispiel daf\u00fcr, wie Zusammenarbeit Grenzen \u00fcberwindet. Dank der Begeisterung so vieler Freiwilliger bringen wir nicht nur unsere r\u00f6mische Geschichte zum Leben, sondern st\u00e4rken auch die Verbindung zwischen unseren Nachbargemeinden.\u201c\r\nDieser Beifall aus der Verwaltung wurde von den Einwohnern geteilt. Genau wie bei \u201eHeel Heerlen graaft\u201c sind Freundschaften auf einem Quadratmeter zwischen den Freiwilligen entstanden, und bei der R\u00fcckkehrveranstaltung am 21. Mai 2025 wurde bereits laut die Frage gestellt: \u201eWas kommt als N\u00e4chstes?\u201c","foto":13515},{"acf_fc_layout":"tekst","tekst":"Rimburg gr\u00e4bt\/graaft ist das erste internationale arch\u00e4ologische Projekt mit B\u00fcrgerbeteiligung f\u00fcr Deutschland und die Niederlande. Am Projekt beteiligten sich: Landgraaf, \u00dcbach-Palenberg, Regio Deal Parkstad Limburg, Via Belgica, LVR (Landschaftsverband Rheinland), Erlebnisraum R\u00f6merstra\u00dfe und Constructing The Limes."},{"acf_fc_layout":"slideshow","slideshow":[13495,13491,13487,11856,11859,11862,11814,11808,11820,11823,11826,11841,11838,11835,11832,11829,11781,11778,11772,11775,11805,11802,11799,11796,11883,11880,11886,11889,11892,11844,11847,11850,11853]}]},"_links":{"self":[{"href":"https:\/\/www.viabelgica.nl\/de\/wp-json\/wp\/v2\/posts\/13519","targetHints":{"allow":["GET"]}}],"collection":[{"href":"https:\/\/www.viabelgica.nl\/de\/wp-json\/wp\/v2\/posts"}],"about":[{"href":"https:\/\/www.viabelgica.nl\/de\/wp-json\/wp\/v2\/types\/post"}],"author":[{"embeddable":true,"href":"https:\/\/www.viabelgica.nl\/de\/wp-json\/wp\/v2\/users\/10"}],"replies":[{"embeddable":true,"href":"https:\/\/www.viabelgica.nl\/de\/wp-json\/wp\/v2\/comments?post=13519"}],"version-history":[{"count":4,"href":"https:\/\/www.viabelgica.nl\/de\/wp-json\/wp\/v2\/posts\/13519\/revisions"}],"predecessor-version":[{"id":15479,"href":"https:\/\/www.viabelgica.nl\/de\/wp-json\/wp\/v2\/posts\/13519\/revisions\/15479"}],"acf:term":[{"embeddable":true,"taxonomy":"category","href":"https:\/\/www.viabelgica.nl\/de\/wp-json\/wp\/v2\/categories\/35"}],"wp:attachment":[{"href":"https:\/\/www.viabelgica.nl\/de\/wp-json\/wp\/v2\/media?parent=13519"}],"wp:term":[{"taxonomy":"category","embeddable":true,"href":"https:\/\/www.viabelgica.nl\/de\/wp-json\/wp\/v2\/categories?post=13519"},{"taxonomy":"post_tag","embeddable":true,"href":"https:\/\/www.viabelgica.nl\/de\/wp-json\/wp\/v2\/tags?post=13519"}],"curies":[{"name":"wp","href":"https:\/\/api.w.org\/{rel}","templated":true}]}}