
{"id":14170,"date":"2023-06-13T21:14:41","date_gmt":"2023-06-13T19:14:41","guid":{"rendered":"https:\/\/www.viabelgica.nl\/vriendenbijeenkomst-in-de-twee-gezusters-in-heerlen\/"},"modified":"2025-08-31T20:32:06","modified_gmt":"2025-08-31T18:32:06","slug":"vriendenbijeenkomst-in-de-twee-gezusters-in-heerlen","status":"publish","type":"post","link":"https:\/\/www.viabelgica.nl\/de\/vriendenbijeenkomst-in-de-twee-gezusters-in-heerlen\/","title":{"rendered":"Freundestreffen im De Twee Gezusters in Heerlen"},"content":{"rendered":"","protected":false},"excerpt":{"rendered":"","protected":false},"author":10,"featured_media":0,"comment_status":"closed","ping_status":"closed","sticky":false,"template":"","format":"standard","meta":{"_acf_changed":false,"inline_featured_image":false,"footnotes":""},"categories":[],"tags":[],"class_list":["post-14170","post","type-post","status-publish","format-standard","hentry"],"acf":{"categorie":44,"afbeelding":10251,"auteur":"Anja Neskens","fotografie":"Anja Neskens","contentbuilder":[{"acf_fc_layout":"tekst_foto","tekst":"<div class=\"\" data-block=\"true\" data-editor=\"c2t2o\" data-offset-key=\"dvk16-0-0\">\r\n<div class=\"_1mf _1mj\" data-offset-key=\"dvk16-0-0\">\r\n\r\nAm Montag, den 12. Juni, fand das erste Freundestreffen des Jahres 2023 statt, nach der Ernennung des neuen Projektleiters. Es war ein angenehmes Zusammentreffen mit vielen Interessierten. Geschichten wurden geteilt, Chancen erkannt, Br\u00fccken gebaut \u2013 kurzum: wir haben unseren Weg gefunden!\r\n\r\nEine vielf\u00e4ltige Gruppe von Unternehmern, Heimatvereinen, Reenactors, Beamten usw. \u2013 die ideale Mischung, um neue Verbindungen zu kn\u00fcpfen.\r\n\r\n<\/div>\r\n<\/div>\r\n<div class=\"\" data-block=\"true\" data-editor=\"c2t2o\" data-offset-key=\"e1o5p-0-0\"><\/div>","foto":10254},{"acf_fc_layout":"foto_tekst","foto":10257,"tekst":"Alle Teilnehmer wurden mit einem Vortrag der Regionalarch\u00e4ologin Hilde Vanneste \u00fcber \u201eHeel Heerlen Graaft!\u201c sowie von Beno\u00eet Mater, dem Projektinitiator, \u00fcber das neue Thermenmuseum verw\u00f6hnt.\r\n\r\nIm Herbst wird uns Herr Oostwegel Sr. auf Schloss Gerlach empfangen. Dieses Treffen wird eine interaktive Inspirationssitzung f\u00fcr unsere Freunde sein."},{"acf_fc_layout":"slideshow","slideshow":[10260,10263,10266,10269,10272,10275,10278,10281,10284,10257,10254,10251]}]},"_links":{"self":[{"href":"https:\/\/www.viabelgica.nl\/de\/wp-json\/wp\/v2\/posts\/14170","targetHints":{"allow":["GET"]}}],"collection":[{"href":"https:\/\/www.viabelgica.nl\/de\/wp-json\/wp\/v2\/posts"}],"about":[{"href":"https:\/\/www.viabelgica.nl\/de\/wp-json\/wp\/v2\/types\/post"}],"author":[{"embeddable":true,"href":"https:\/\/www.viabelgica.nl\/de\/wp-json\/wp\/v2\/users\/10"}],"replies":[{"embeddable":true,"href":"https:\/\/www.viabelgica.nl\/de\/wp-json\/wp\/v2\/comments?post=14170"}],"version-history":[{"count":2,"href":"https:\/\/www.viabelgica.nl\/de\/wp-json\/wp\/v2\/posts\/14170\/revisions"}],"predecessor-version":[{"id":14172,"href":"https:\/\/www.viabelgica.nl\/de\/wp-json\/wp\/v2\/posts\/14170\/revisions\/14172"}],"acf:term":[{"embeddable":true,"taxonomy":"category","href":"https:\/\/www.viabelgica.nl\/de\/wp-json\/wp\/v2\/categories\/44"}],"wp:attachment":[{"href":"https:\/\/www.viabelgica.nl\/de\/wp-json\/wp\/v2\/media?parent=14170"}],"wp:term":[{"taxonomy":"category","embeddable":true,"href":"https:\/\/www.viabelgica.nl\/de\/wp-json\/wp\/v2\/categories?post=14170"},{"taxonomy":"post_tag","embeddable":true,"href":"https:\/\/www.viabelgica.nl\/de\/wp-json\/wp\/v2\/tags?post=14170"}],"curies":[{"name":"wp","href":"https:\/\/api.w.org\/{rel}","templated":true}]}}