
{"id":15503,"date":"2025-05-07T11:20:11","date_gmt":"2025-05-07T09:20:11","guid":{"rendered":"https:\/\/www.viabelgica.nl\/waardering-van-maxima-werkt-als-stimulans\/"},"modified":"2025-10-03T20:29:56","modified_gmt":"2025-10-03T18:29:56","slug":"waardering-van-maxima-werkt-als-stimulans","status":"publish","type":"post","link":"https:\/\/www.viabelgica.nl\/de\/waardering-van-maxima-werkt-als-stimulans\/","title":{"rendered":"Wertsch\u00e4tzung durch K\u00f6nigin M\u00e1xima als Ansporn"},"content":{"rendered":"","protected":false},"excerpt":{"rendered":"","protected":false},"author":10,"featured_media":0,"comment_status":"closed","ping_status":"closed","sticky":false,"template":"","format":"standard","meta":{"_acf_changed":false,"inline_featured_image":false,"footnotes":""},"categories":[],"tags":[],"class_list":["post-15503","post","type-post","status-publish","format-standard","hentry"],"acf":{"categorie":35,"afbeelding":13380,"auteur":"Harry Lindelauf","fotografie":"Hilde Vanneste, Beno\u00eet Mater, RMO","contentbuilder":[{"acf_fc_layout":"tekst","tekst":"<h3>\u201eWas mich am meisten ber\u00fchrt hat, war die Anerkennung f\u00fcr etwas, woran ich seit Jahren mit Leidenschaft arbeite: Arch\u00e4ologie den Menschen n\u00e4herzubringen.\u201c<\/h3>\r\nHilde Vanneste, Regionalarch\u00e4ologin von Parkstad, hatte bei der Er\u00f6ffnung der Ausstellung \u00dcber dem Erdboden im Rijksmuseum van Oudheden in Leiden eine besondere Begegnung. \u201eMan hat nicht jeden Tag die Gelegenheit, mit K\u00f6nigin M\u00e1xima zu sprechen \u2013 und schon gar nicht \u00fcber etwas, wof\u00fcr man seit Jahren mit Herz und Seele arbeitet. Nicht nur in Parkstad, sondern auch dar\u00fcber hinaus wird diese Arbeit gesehen und gew\u00fcrdigt. Diese Erfahrung ist ein sch\u00f6ner Ansporn, meine Mission fortzusetzen: Menschen mit ihrer eigenen Vergangenheit zu verbinden \u2013 ihrem Erbe, ihrer Identit\u00e4t.\u201c\r\n\r\n&nbsp;"},{"acf_fc_layout":"tekst_foto","tekst":"<h3>Gr\u00fcner Spargel als Griff<\/h3>\r\nDie neue Ausstellung zeigt die H\u00f6hepunkte aus 25 Jahren arch\u00e4ologischer Forschung zwischen 2000 und 2025 in den Niederlanden und in der Karibik. Auch Funde aus der r\u00f6mischen Zeit sind Teil dieses \u00dcberblicks der modernen Arch\u00e4ologie. Beno\u00eet Mater, Projektleiter des R\u00f6mischen Museums, wies auf ein bronzenes Messer hin. Es wurde 2002 im Graben des r\u00f6mischen Kastells Laurium in Woerden gefunden. F\u00fcr die Gussform des Griffes wurde h\u00f6chstwahrscheinlich ein echter gr\u00fcner Spargel verwendet.","foto":13400},{"acf_fc_layout":"foto_tekst","foto":13396,"tekst":"<h3>Infanteriehelm<\/h3>\r\nGanz in der N\u00e4he des RMO wurde 2018 in Leiden ein Infanteriehelm aus der Zeit 50\u2013100 n. Chr. entdeckt. Er besteht aus mehreren Teilen, darunter einem breiten Nackenschutz. Die Vorderseite ist mit einem Delfin und einem weiteren Meereswesen verziert. Auf der R\u00fcckseite und an der linken Wangenklappe wurden stilisierte Tempelgeb\u00e4ude als Dekor angebracht. Am Nackenschutz ist ein Namensschild befestigt, doch der Name des Besitzers ist leider nicht mehr lesbar.\r\n\r\nMehr Infos: www.rmo.nl"}]},"_links":{"self":[{"href":"https:\/\/www.viabelgica.nl\/de\/wp-json\/wp\/v2\/posts\/15503","targetHints":{"allow":["GET"]}}],"collection":[{"href":"https:\/\/www.viabelgica.nl\/de\/wp-json\/wp\/v2\/posts"}],"about":[{"href":"https:\/\/www.viabelgica.nl\/de\/wp-json\/wp\/v2\/types\/post"}],"author":[{"embeddable":true,"href":"https:\/\/www.viabelgica.nl\/de\/wp-json\/wp\/v2\/users\/10"}],"replies":[{"embeddable":true,"href":"https:\/\/www.viabelgica.nl\/de\/wp-json\/wp\/v2\/comments?post=15503"}],"version-history":[{"count":2,"href":"https:\/\/www.viabelgica.nl\/de\/wp-json\/wp\/v2\/posts\/15503\/revisions"}],"predecessor-version":[{"id":15509,"href":"https:\/\/www.viabelgica.nl\/de\/wp-json\/wp\/v2\/posts\/15503\/revisions\/15509"}],"acf:term":[{"embeddable":true,"taxonomy":"category","href":"https:\/\/www.viabelgica.nl\/de\/wp-json\/wp\/v2\/categories\/35"}],"wp:attachment":[{"href":"https:\/\/www.viabelgica.nl\/de\/wp-json\/wp\/v2\/media?parent=15503"}],"wp:term":[{"taxonomy":"category","embeddable":true,"href":"https:\/\/www.viabelgica.nl\/de\/wp-json\/wp\/v2\/categories?post=15503"},{"taxonomy":"post_tag","embeddable":true,"href":"https:\/\/www.viabelgica.nl\/de\/wp-json\/wp\/v2\/tags?post=15503"}],"curies":[{"name":"wp","href":"https:\/\/api.w.org\/{rel}","templated":true}]}}