
{"id":15513,"date":"2025-02-27T21:56:36","date_gmt":"2025-02-27T19:56:36","guid":{"rendered":"https:\/\/www.viabelgica.nl\/archeologische-snoepjes-uit-thorn\/"},"modified":"2025-10-03T20:33:46","modified_gmt":"2025-10-03T18:33:46","slug":"archeologische-snoepjes-uit-thorn","status":"publish","type":"post","link":"https:\/\/www.viabelgica.nl\/de\/archeologische-snoepjes-uit-thorn\/","title":{"rendered":"Arch\u00e4ologische Leckerbissen aus Thorn"},"content":{"rendered":"","protected":false},"excerpt":{"rendered":"","protected":false},"author":10,"featured_media":0,"comment_status":"closed","ping_status":"closed","sticky":false,"template":"","format":"standard","meta":{"_acf_changed":false,"inline_featured_image":false,"footnotes":""},"categories":[],"tags":[],"class_list":["post-15513","post","type-post","status-publish","format-standard","hentry"],"acf":{"categorie":35,"afbeelding":12819,"auteur":"Harry","fotografie":"Miriam Tonnaer","contentbuilder":[{"acf_fc_layout":"tekst","tekst":"<h3>Das Museum in Thorn bezeichnet die Ausstellung Bodemvondsten (\u201eBodenfunde\u201c) als \u201earch\u00e4ologische Naschdose\u201c. Und diese ist reich gef\u00fcllt \u2013 dank der Mitarbeit von Hobbyarch\u00e4ologen aus Thorn. Zum ersten Mal zeigen sie ihre bemerkenswertesten Funde, meist das Ergebnis von Suchen mit dem Metalldetektor.<\/h3>\r\nDie Ausstellung entstand in Zusammenarbeit mit Kulturerbe-Institutionen aus Stevensweert, Maasbracht und Wessem. Fachlich unterst\u00fctzt wurde sie von Luc Amkreutz und Jan Roymans. Amkreutz, Kurator am Rijksmuseum van Oudheden in Leiden, beleuchtet das Bronzeschwert, das das Museum 2020 erwarb. Es stammt aus dem Ende der Bronzezeit und wurde in den 1960er Jahren von einem Baggerfahrer zwischen Thorn und Wessem entdeckt. Jan Roymans, ehemaliger leitender Arch\u00e4ologe des Forschungsb\u00fcros RAAP, erkl\u00e4rt, was Baggerfunde uns \u00fcber das Leben an und um die Maas verraten."},{"acf_fc_layout":"foto_tekst","foto":12824,"tekst":"<h3>Seltener Ring<\/h3>\r\nDie Ausstellung umfasst 97 \u201eLeckerbissen\u201c von der Steinzeit bis etwa 1900. Die Gliederung in f\u00fcnf Rubriken (Schmuck, Religion, Siegel, Jagd &amp; Krieg, M\u00fcnzen) sorgt f\u00fcr \u00dcbersicht. Wer in den Rubriken nach r\u00f6mischen \u201eLeckerbissen\u201c sucht, findet unter anderem einen besonderen Ring. Laut Finder Ruud Weekers haben Forscher der Vrije Universiteit Amsterdam das Schmuckst\u00fcck untersucht und festgestellt, dass es sich um einen seltenen r\u00f6mischen Ring aus dem 5. Jahrhundert handelt. Unter den 24 ausgestellten M\u00fcnzen stammen drei aus r\u00f6mischer Zeit. Besonders auff\u00e4llig ist eine Bronzem\u00fcnze aus der Zeit des Tiberius, aus der ein St\u00fcck herausgeschnitten wurde.\r\n\r\nFoto: Der r\u00f6mische Ring ist ein besonderes Exemplar. In den durchscheinend roten Quarz (Karneol) ist das Bild einer Person mit einer Weltkugel geschnitten."},{"acf_fc_layout":"tekst","tekst":"Bodemvondsten ist bis zum 31. Dezember 2025 im Museum Thorn, Wijngaard 14, zu sehen. \u00d6ffnungszeiten unter www.museumthorn.com."}]},"_links":{"self":[{"href":"https:\/\/www.viabelgica.nl\/de\/wp-json\/wp\/v2\/posts\/15513","targetHints":{"allow":["GET"]}}],"collection":[{"href":"https:\/\/www.viabelgica.nl\/de\/wp-json\/wp\/v2\/posts"}],"about":[{"href":"https:\/\/www.viabelgica.nl\/de\/wp-json\/wp\/v2\/types\/post"}],"author":[{"embeddable":true,"href":"https:\/\/www.viabelgica.nl\/de\/wp-json\/wp\/v2\/users\/10"}],"replies":[{"embeddable":true,"href":"https:\/\/www.viabelgica.nl\/de\/wp-json\/wp\/v2\/comments?post=15513"}],"version-history":[{"count":2,"href":"https:\/\/www.viabelgica.nl\/de\/wp-json\/wp\/v2\/posts\/15513\/revisions"}],"predecessor-version":[{"id":15519,"href":"https:\/\/www.viabelgica.nl\/de\/wp-json\/wp\/v2\/posts\/15513\/revisions\/15519"}],"acf:term":[{"embeddable":true,"taxonomy":"category","href":"https:\/\/www.viabelgica.nl\/de\/wp-json\/wp\/v2\/categories\/35"}],"wp:attachment":[{"href":"https:\/\/www.viabelgica.nl\/de\/wp-json\/wp\/v2\/media?parent=15513"}],"wp:term":[{"taxonomy":"category","embeddable":true,"href":"https:\/\/www.viabelgica.nl\/de\/wp-json\/wp\/v2\/categories?post=15513"},{"taxonomy":"post_tag","embeddable":true,"href":"https:\/\/www.viabelgica.nl\/de\/wp-json\/wp\/v2\/tags?post=15513"}],"curies":[{"name":"wp","href":"https:\/\/api.w.org\/{rel}","templated":true}]}}