
{"id":15541,"date":"2025-02-27T21:39:19","date_gmt":"2025-02-27T19:39:19","guid":{"rendered":"https:\/\/www.viabelgica.nl\/de-via-belgica-als-echte-marathon\/"},"modified":"2025-10-05T20:38:37","modified_gmt":"2025-10-05T18:38:37","slug":"de-via-belgica-als-echte-marathon","status":"publish","type":"post","link":"https:\/\/www.viabelgica.nl\/de\/de-via-belgica-als-echte-marathon\/","title":{"rendered":"Die Via Belgica als echter Marathon"},"content":{"rendered":"","protected":false},"excerpt":{"rendered":"","protected":false},"author":10,"featured_media":0,"comment_status":"closed","ping_status":"closed","sticky":false,"template":"","format":"standard","meta":{"_acf_changed":false,"inline_featured_image":false,"footnotes":""},"categories":[],"tags":[],"class_list":["post-15541","post","type-post","status-publish","format-standard","hentry"],"acf":{"categorie":35,"afbeelding":12807,"auteur":"Harry Lindelauf","fotografie":"Marathon Via Belgica","contentbuilder":[{"acf_fc_layout":"tekst","tekst":"In r\u00f6mischer Zeit h\u00e4tte die Strecke von der Br\u00fccke \u00fcber die Worm bei Rimburg bis zur Br\u00fccke \u00fcber die Maas in Maastricht einen ganzen Tag z\u00fcgigen Marschierens erfordert. Heute kann man die Route in Etappen wandern \u2013 oder sportlicher angehen: Die schnellsten L\u00e4uferinnen und L\u00e4ufer des Marathon Via Belgica werden am Sonntag, den 25. Mai, nicht mehr als zweieinhalb bis drei Stunden ben\u00f6tigen."},{"acf_fc_layout":"foto_tekst","foto":12799,"tekst":"In r\u00f6mischer Zeit h\u00e4tte die Strecke von der Br\u00fccke \u00fcber die Worm bei Rimburg bis zur Br\u00fccke \u00fcber die Maas in Maastricht einen ganzen Tag z\u00fcgigen Marschierens erfordert. Heute kann man die Route in Etappen wandern \u2013 oder sportlicher angehen: Die schnellsten L\u00e4uferinnen und L\u00e4ufer des Marathon Via Belgica werden am Sonntag, den 25. Mai, nicht mehr als zweieinhalb bis drei Stunden ben\u00f6tigen."},{"acf_fc_layout":"tekst_foto","tekst":"<h3>Goudsberg<\/h3>\r\nAb Voerendaal geht es bergauf \u00fcber Craubeek, Termaar und Koulen zum Goudsberg. Hier fand man das Fundament eines r\u00f6mischen Turms \u2013 vermutlich ein Wachtposten, der den R\u00f6mern einen guten \u00dcberblick \u00fcber das Geschehen im Geultal bot.","foto":12795},{"acf_fc_layout":"foto_tekst","foto":12791,"tekst":"<h3>Wadenbei\u00dfer<\/h3>\r\nWer hinaufsteigt, darf auch wieder hinunter: in diesem Fall auf einen Fu\u00dfpfad entlang der Geul in Valkenburg. In Geulhem wartet die gr\u00f6\u00dfte Herausforderung auf die L\u00e4ufer \u2013 der Wadenbei\u00dfer, mit einem H\u00f6henunterschied von 60 Metern hinauf nach Berg en Terblijt. Danach geht es weiter Richtung Maastricht. Das Ziel befindet sich auf der alten Servaas-Br\u00fccke \u2013 genau 42,195 km, nur wenige Dutzend Meter von der Stelle entfernt, an der in r\u00f6mischer Zeit eine Br\u00fccke \u00fcber die Maas stand."},{"acf_fc_layout":"tekst","tekst":"Schrijf je <a href=\"https:\/\/www.marathonviabelgica.nl\/\">hier<\/a> in"}]},"_links":{"self":[{"href":"https:\/\/www.viabelgica.nl\/de\/wp-json\/wp\/v2\/posts\/15541","targetHints":{"allow":["GET"]}}],"collection":[{"href":"https:\/\/www.viabelgica.nl\/de\/wp-json\/wp\/v2\/posts"}],"about":[{"href":"https:\/\/www.viabelgica.nl\/de\/wp-json\/wp\/v2\/types\/post"}],"author":[{"embeddable":true,"href":"https:\/\/www.viabelgica.nl\/de\/wp-json\/wp\/v2\/users\/10"}],"replies":[{"embeddable":true,"href":"https:\/\/www.viabelgica.nl\/de\/wp-json\/wp\/v2\/comments?post=15541"}],"version-history":[{"count":2,"href":"https:\/\/www.viabelgica.nl\/de\/wp-json\/wp\/v2\/posts\/15541\/revisions"}],"predecessor-version":[{"id":15546,"href":"https:\/\/www.viabelgica.nl\/de\/wp-json\/wp\/v2\/posts\/15541\/revisions\/15546"}],"acf:term":[{"embeddable":true,"taxonomy":"category","href":"https:\/\/www.viabelgica.nl\/de\/wp-json\/wp\/v2\/categories\/35"}],"wp:attachment":[{"href":"https:\/\/www.viabelgica.nl\/de\/wp-json\/wp\/v2\/media?parent=15541"}],"wp:term":[{"taxonomy":"category","embeddable":true,"href":"https:\/\/www.viabelgica.nl\/de\/wp-json\/wp\/v2\/categories?post=15541"},{"taxonomy":"post_tag","embeddable":true,"href":"https:\/\/www.viabelgica.nl\/de\/wp-json\/wp\/v2\/tags?post=15541"}],"curies":[{"name":"wp","href":"https:\/\/api.w.org\/{rel}","templated":true}]}}