
{"id":15553,"date":"2025-02-27T20:48:15","date_gmt":"2025-02-27T18:48:15","guid":{"rendered":"https:\/\/www.viabelgica.nl\/wat-is-het-verhaal-van-de-dode-bij-de-romeinse-villa-in-meerssen\/"},"modified":"2025-10-05T20:51:26","modified_gmt":"2025-10-05T18:51:26","slug":"wat-is-het-verhaal-van-de-dode-bij-de-romeinse-villa-in-meerssen","status":"publish","type":"post","link":"https:\/\/www.viabelgica.nl\/de\/wat-is-het-verhaal-van-de-dode-bij-de-romeinse-villa-in-meerssen\/","title":{"rendered":"Die Geschichte des Toten bei der r\u00f6mischen Villa in Meerssen"},"content":{"rendered":"","protected":false},"excerpt":{"rendered":"","protected":false},"author":10,"featured_media":0,"comment_status":"closed","ping_status":"closed","sticky":false,"template":"","format":"standard","meta":{"_acf_changed":false,"inline_featured_image":false,"footnotes":""},"categories":[],"tags":[],"class_list":["post-15553","post","type-post","status-publish","format-standard","hentry"],"acf":{"categorie":35,"afbeelding":12772,"auteur":"James Dodd (eindredactie Harry Lindelauf)","fotografie":"James Dodd","contentbuilder":[{"acf_fc_layout":"tekst","tekst":"Im Jahr 1865 entdeckte der Arch\u00e4ologe Jozef Habets ein Skelett in den Ruinen der r\u00f6mischen villa rustica von Onderste Herkenberg in Meerssen. Leider geriet das Skelett im Depot eines Museums in Vergessenheit \u2013 bis es 2024 wiederentdeckt und wissenschaftlich untersucht wurde. Die Forschungen brachten einige Antworten, doch auch neue Fragen.\r\n\r\nIm Jahr 1864 kamen beim Pfl\u00fcgen der Felder des Onderste Herkenberg zahlreiche r\u00f6mische \u00dcberreste \u2013 Steine, Ziegel und Dachziegel \u2013 zum Vorschein. Ein Jahr sp\u00e4ter reiste der Pfarrer und Reichsarchivar Jozef Habets nach Meerssen und begann dort mit Ausgrabungen. Er legte ein kompliziertes Gewirr aus Mauern, B\u00f6den und R\u00e4umen frei. Vor dem Hauptgeb\u00e4ude sah er zwei nebeneinanderliegende Becken, die er als Badehaus deutete.\r\n\r\nBei modernen Untersuchungen in den Jahren 2003 und 2014 setzten Arch\u00e4ologen moderne Techniken wie Bodenradar und elektromagnetische Messungen ein. Was Habets f\u00fcr ein Badehaus hielt, entpuppte sich als zwei Wasserbecken, wahrscheinlich Zierteiche. Diese Forschungen zeigten au\u00dferdem, dass das Villenareal einst \u00fcber ein freistehendes und recht gro\u00dfes Badegeb\u00e4ude verf\u00fcgte."},{"acf_fc_layout":"foto_tekst","foto":12772,"tekst":"<h3>Ein Geschenk an L\u00fcttich<\/h3>\r\nZwischen den beiden Becken fand Habets ein Skelett. Es lag mit dem Gesicht nach unten, die rechte Hand auf dem Hinterkopf. Der K\u00f6rper war offenbar ohne Abdeckung, ohne Beigaben oder andere Materialien begraben worden. 1866 schickte Habets das Skelett als Geschenk an den belgischen Staat in ein Museum nach L\u00fcttich, da L\u00fcttich damals als akademisches Zentrum der Region Limburg galt.\r\n\r\nIn L\u00fcttich wurde das Skelett im Depot eingelagert und geriet in Vergessenheit \u2013 mit Ausnahme eines Eintrags bei einer Inventarisierung im Jahr 1946. Im Jahr 2024 wurde es im Rahmen einer Untersuchung \u00fcber Bestattungen in r\u00f6mischen Villen wiederentdeckt. Das Skelett wurde f\u00fcr diese wissenschaftliche Studie ausgew\u00e4hlt, weil es aufgrund der besonderen Umst\u00e4nde (keine Abdeckung, keine Grabbeigaben, ungew\u00f6hnliche Lage) ein seltenes Beispiel darstellt.\r\n\r\nFoto: Arch\u00e4ologie in Aktion \u2013 das Skelett von Meerssen w\u00e4hrend der Untersuchung 2024 in Belgien. Die \u00dcberreste wurden im Museum der Universit\u00e4t L\u00fcttich aufbewahrt."},{"acf_fc_layout":"tekst","tekst":"<h3>Rachitis und Arthritis<\/h3>\r\nEin Team belgischer und niederl\u00e4ndischer Arch\u00e4ologen der Katholischen Universit\u00e4t Leuven, der Radboud-Universit\u00e4t Nijmegen, der VU Amsterdam und der Freien Universit\u00e4t Br\u00fcssel verwendete verschiedene Methoden wie C-14-Datierung, Knochenanalyse und Isotopenforschung. Die Ergebnisse zeigen, dass es sich um einen Mann im Alter von 30 bis 40 Jahren handelte, der gesundheitlich angeschlagen war. Die Beinknochen weisen eine leichte Kr\u00fcmmung auf, m\u00f6glicherweise verursacht durch einen Vitamin-D-Mangel, also ein fr\u00fches Stadium von Rachitis. Einer der Finger war offenbar durch Arthritis deformiert. Diese Krankheiten deuten auf ein hartes und beschwerliches Leben hin. Die Forscher fanden keine Spuren von Gewalt, wohl aber eine Besch\u00e4digung des Sch\u00e4dels \u2013 vermutlich durch einen Sturz auf den Fliesenboden zwischen den Wasserbecken."},{"acf_fc_layout":"tekst_quote","tekst":"<h3>Nicht aus Meerssen<\/h3>\r\nDie Radiokarbondatierung ergab, dass der Mann zwischen 250 und 450 n. Chr. starb. Habets hatte 1865 noch angenommen, es handele sich um einen germanischen R\u00e4uber, der um 170 n. Chr. ums Leben gekommen sei.\r\nDie Isotopenanalyse liefert weitere Hinweise: Obwohl das Skelett in r\u00f6mischem Meerssen gefunden wurde, stammte der Mann nicht aus S\u00fcdlimburg. Im Laufe seines Lebens scheint er seine Ern\u00e4hrungsgewohnheiten ge\u00e4ndert und seinen Wohnort gewechselt zu haben \u2013 ein Hinweis auf Migration. Die Wissenschaftler vergleichen derzeit Isotopenprofile aus Deutschland, Gro\u00dfbritannien und Belgien, um die Region seiner Herkunft zu bestimmen. Sicher ist, dass er nicht in der Villa von Onderste Herkenberg lebte; das Anwesen war zum Zeitpunkt seines Todes bereits verlassen.","quote":"Ein germanischer R\u00e4uber? Gestorben um 170 n. Chr.?","naam":"Jozef Habets"},{"acf_fc_layout":"tekst","tekst":"<h3>Wo jetzt<\/h3>\r\nDies ist eine erste Studie, und die Forscher hoffen, k\u00fcnftig weitere Skelette aus der Region untersuchen zu k\u00f6nnen. Im 4. und 5. Jahrhundert waren K\u00f6rperbestattungen im nordwestlichen R\u00f6mischen Reich weit verbreitet, w\u00e4hrend die R\u00f6mer zuvor \u00fcber Jahrhunderte Ein\u00e4scherungen bevorzugten.\r\nFunde menschlicher \u00dcberreste in vielen r\u00f6mischen Villen deuten darauf hin, dass das Zur\u00fccklassen von Leichen ohne Begr\u00e4bnis eine symbolische Art des Verlassens einer Siedlung gewesen sein k\u00f6nnte. Daf\u00fcr gibt es in Westeuropa mehrere Beispiele, doch sind weitere Untersuchungen an anderen Villen notwendig, um dies zu best\u00e4tigen. Die Ausstellung \u201eR\u00f6mische Villen in Limburg\u201c, organisiert vom Rijksmuseum van Oudheden, dem Limburgs Museum und dem R\u00f6mischen Museum, soll alte Grabungsst\u00e4tten wie Onderste Herkenberg wieder st\u00e4rker ins \u00f6ffentliche Bewusstsein r\u00fccken und neue Forschungen anregen."},{"acf_fc_layout":"tekst_foto","tekst":"<h3>Luxusresidenz und Gutshof<\/h3>\r\nAn der Houthemerweg in Meerssen, entlang der Via Belgica, liegen unter einem gro\u00dfen Acker die \u00dcberreste der Villa Onderste Herkenberg \u2013 der gr\u00f6\u00dften villa rustica, die bisher in den Niederlanden entdeckt wurde. Sie war eine luxuri\u00f6se Residenz wohlhabender Landbesitzer, die im Geuldal das gute Leben genossen.\r\n\r\nReste von Mosaiken, verputzten und bemalten W\u00e4nden sowie einer Fu\u00dfbodenheizung zeugen von einer aufw\u00e4ndigen Ausstattung. Eine anschauliche Rekonstruktion zeigt das Hauptgeb\u00e4ude mit \u00fcberdachter S\u00e4ulengalerie, Fachwerkkonstruktionen und G\u00e4rten mit Zierteichen \u2013 ein lebendiges Bild r\u00f6mischer Wohnkultur in der niederl\u00e4ndischen Landschaft.\r\n\r\nAbbildung: Zeichnung aus der Ausgrabung von 1865. Das Skelett wurde zwischen den beiden kleineren rechteckigen Becken im unteren Teil der Darstellung gefunden.","foto":12776}]},"_links":{"self":[{"href":"https:\/\/www.viabelgica.nl\/de\/wp-json\/wp\/v2\/posts\/15553","targetHints":{"allow":["GET"]}}],"collection":[{"href":"https:\/\/www.viabelgica.nl\/de\/wp-json\/wp\/v2\/posts"}],"about":[{"href":"https:\/\/www.viabelgica.nl\/de\/wp-json\/wp\/v2\/types\/post"}],"author":[{"embeddable":true,"href":"https:\/\/www.viabelgica.nl\/de\/wp-json\/wp\/v2\/users\/10"}],"replies":[{"embeddable":true,"href":"https:\/\/www.viabelgica.nl\/de\/wp-json\/wp\/v2\/comments?post=15553"}],"version-history":[{"count":2,"href":"https:\/\/www.viabelgica.nl\/de\/wp-json\/wp\/v2\/posts\/15553\/revisions"}],"predecessor-version":[{"id":15559,"href":"https:\/\/www.viabelgica.nl\/de\/wp-json\/wp\/v2\/posts\/15553\/revisions\/15559"}],"acf:term":[{"embeddable":true,"taxonomy":"category","href":"https:\/\/www.viabelgica.nl\/de\/wp-json\/wp\/v2\/categories\/35"}],"wp:attachment":[{"href":"https:\/\/www.viabelgica.nl\/de\/wp-json\/wp\/v2\/media?parent=15553"}],"wp:term":[{"taxonomy":"category","embeddable":true,"href":"https:\/\/www.viabelgica.nl\/de\/wp-json\/wp\/v2\/categories?post=15553"},{"taxonomy":"post_tag","embeddable":true,"href":"https:\/\/www.viabelgica.nl\/de\/wp-json\/wp\/v2\/tags?post=15553"}],"curies":[{"name":"wp","href":"https:\/\/api.w.org\/{rel}","templated":true}]}}