
{"id":16797,"date":"2023-05-12T19:09:32","date_gmt":"2023-05-12T17:09:32","guid":{"rendered":"https:\/\/www.viabelgica.nl\/speciale-vondst-geschonken-door-jos-kortis-uit-voerendaal\/"},"modified":"2025-11-15T16:02:42","modified_gmt":"2025-11-15T14:02:42","slug":"speciale-vondst-geschonken-door-jos-kortis-uit-voerendaal","status":"publish","type":"post","link":"https:\/\/www.viabelgica.nl\/de\/speciale-vondst-geschonken-door-jos-kortis-uit-voerendaal\/","title":{"rendered":"Besonderer Fund von Jos Kortis aus Voerendaal geschenkt"},"content":{"rendered":"","protected":false},"excerpt":{"rendered":"","protected":false},"author":10,"featured_media":0,"comment_status":"closed","ping_status":"closed","sticky":false,"template":"","format":"standard","meta":{"_acf_changed":false,"inline_featured_image":false,"footnotes":""},"categories":[],"tags":[],"class_list":["post-16797","post","type-post","status-publish","format-standard","hentry"],"acf":{"categorie":null,"afbeelding":10224,"auteur":"Anja Neskens","fotografie":"L\u00e9 Giesen en De Limburger","contentbuilder":[{"acf_fc_layout":"tekst","tekst":"<div class=\"\" data-block=\"true\" data-editor=\"550dc\" data-offset-key=\"7g4ks-0-0\">\r\n<div class=\"_1mf _1mj\" data-offset-key=\"7g4ks-0-0\" data-auto-logging-id=\"f25c0d957b61f9\">\r\n\r\nAuf einem Acker in Voerendaal entdeckte Jos Kortis (63) als Jugendlicher einen besonderen Stein. In der vergangenen Woche \u00fcbergab er ihn dem Limburgs Museum. Nach Angaben des Forschers Henk Hiddink und der Kuratorin Bibi Beekman k\u00f6nnte es sich um eine Zwergs\u00e4ule aus der Villa von Voerendaal handeln. Die S\u00e4ule ist also mindestens 1.800 Jahre alt.\r\n\r\n47 Jahre lang hatte er einen einzigartigen arch\u00e4ologischen Fund in seinem Zimmer: ein St\u00fcck einer vermutlich dekorativen kleinen S\u00e4ule. Laut Henk Hiddink k\u00f6nnte die S\u00e4ule im Mittelalter m\u00f6glicherweise als Schleifstein f\u00fcr landwirtschaftliche Werkzeuge wiederverwendet worden sein. Um sicherzugehen, ist weitere Forschung erforderlich.\r\n\r\nKuratorin Bibi Beekman vom Limburgs Museum war sehr begeistert, als Jos \u00fcber diesen Fund eine E-Mail schickte. Es ist ein sch\u00f6ner Zugewinn f\u00fcr die Sammlung des Limburgs Museum. Im n\u00e4chsten Jahr wird dieser einzigartige Fund mit der Ausstellung \u00fcber die r\u00f6mische Villenlandschaft reisen \u2013 in Zusammenarbeit mit dem Rijksmuseum van Oudheden, dem Limburgs Museum und dem Thermenmuseum in Heerlen.\r\n\r\nPersonen auf dem Foto von links nach rechts: Henk Hiddink, Bibi Beekman und Jos Kortis.\r\n\r\n<\/div>\r\n<\/div>"}]},"_links":{"self":[{"href":"https:\/\/www.viabelgica.nl\/de\/wp-json\/wp\/v2\/posts\/16797","targetHints":{"allow":["GET"]}}],"collection":[{"href":"https:\/\/www.viabelgica.nl\/de\/wp-json\/wp\/v2\/posts"}],"about":[{"href":"https:\/\/www.viabelgica.nl\/de\/wp-json\/wp\/v2\/types\/post"}],"author":[{"embeddable":true,"href":"https:\/\/www.viabelgica.nl\/de\/wp-json\/wp\/v2\/users\/10"}],"replies":[{"embeddable":true,"href":"https:\/\/www.viabelgica.nl\/de\/wp-json\/wp\/v2\/comments?post=16797"}],"version-history":[{"count":2,"href":"https:\/\/www.viabelgica.nl\/de\/wp-json\/wp\/v2\/posts\/16797\/revisions"}],"predecessor-version":[{"id":16802,"href":"https:\/\/www.viabelgica.nl\/de\/wp-json\/wp\/v2\/posts\/16797\/revisions\/16802"}],"wp:attachment":[{"href":"https:\/\/www.viabelgica.nl\/de\/wp-json\/wp\/v2\/media?parent=16797"}],"wp:term":[{"taxonomy":"category","embeddable":true,"href":"https:\/\/www.viabelgica.nl\/de\/wp-json\/wp\/v2\/categories?post=16797"},{"taxonomy":"post_tag","embeddable":true,"href":"https:\/\/www.viabelgica.nl\/de\/wp-json\/wp\/v2\/tags?post=16797"}],"curies":[{"name":"wp","href":"https:\/\/api.w.org\/{rel}","templated":true}]}}