
{"id":16809,"date":"2023-05-03T20:00:06","date_gmt":"2023-05-03T18:00:06","guid":{"rendered":"https:\/\/www.viabelgica.nl\/een-kijkje-in-een-1-900-jaar-oude-kelder-dat-kan-straks-in-heerlen\/"},"modified":"2025-11-15T16:19:21","modified_gmt":"2025-11-15T14:19:21","slug":"een-kijkje-in-een-1-900-jaar-oude-kelder-dat-kan-straks-in-heerlen","status":"publish","type":"post","link":"https:\/\/www.viabelgica.nl\/de\/een-kijkje-in-een-1-900-jaar-oude-kelder-dat-kan-straks-in-heerlen\/","title":{"rendered":"Ein Blick in einen 1.900 Jahre alten Keller \u2014 bald in Heerlen m\u00f6glich"},"content":{"rendered":"","protected":false},"excerpt":{"rendered":"","protected":false},"author":10,"featured_media":0,"comment_status":"closed","ping_status":"closed","sticky":false,"template":"","format":"standard","meta":{"_acf_changed":false,"inline_featured_image":false,"footnotes":""},"categories":[],"tags":[],"class_list":["post-16809","post","type-post","status-publish","format-standard","hentry"],"acf":{"categorie":35,"afbeelding":10104,"auteur":"Harry Lindelauf","fotografie":"Gemeente Heerlen","contentbuilder":[{"acf_fc_layout":"tekst","tekst":"<p class=\"Hoofdtekst\" style=\"line-height: 150%;\"><b>Er liegt sehr passend in der Coriovallumstra\u00dfe in Heerlen und wurde vor 1.900 Jahren als Teil eines Wohnhauses gebaut. Die Rede ist vom r\u00f6mischen Keller im Keller des B\u00fcros der Immobilienagentur Aquina.<\/b><\/p>\r\n<p class=\"Hoofdtekst\" style=\"line-height: 150%;\"><\/p>"},{"acf_fc_layout":"tekst_foto","tekst":"Der Keller wurde 2022 gereinigt, vermessen und in detaillierten Zeichnungen und Fotos dokumentiert. Laut Arch\u00e4ologe Yannick Raczynski-Henk wurden dabei einige Dinge klar \u2014 und (leider) einige blieben unklar. Am 1. April 2023 teilte er seine Erkenntnisse im Limburgs Museum in Venlo mit den Besuchern des Limburger Arch\u00e4ologietages.\r\n\r\nBeginnen wir mit dem, was sicher ist: Der Keller wurde im 1. Jahrhundert angelegt. Die W\u00e4nde bestehen aus Kunrader Stein, die gemauerten B\u00f6gen \u00fcber den Nischen aus Mergel, und f\u00fcr den Boden verwendeten die R\u00f6mer rot gef\u00e4rbten Beton. Klar ist auch, dass der Keller um das Jahr 270 mit Schutt verf\u00fcllt wurde. Erde und Keramikreste \u2014 etwa Sch\u00fcsseln und Reibschalen \u2014 gelangten dabei in den Raum. Die j\u00fcngsten Funde datieren auf 270, die Zeit, in der germanische St\u00e4mme bei ihren Einf\u00e4llen in der Region in gro\u00dfem Umfang pl\u00fcnderten und H\u00e4user und H\u00f6fe niederbrannten.\r\n\r\nEin besonderes Fundst\u00fcck in der Verf\u00fcllung ist ein Fragment einer \u00d6llampe mit mehreren Dochten. Ein solcher Lampentyp wurde in S\u00fcdlimburg bisher nicht gefunden.","foto":10161},{"acf_fc_layout":"foto_tekst","foto":10158,"tekst":"<h3>War dies ein Weinkeller?<\/h3>\r\nHier endet die Liste der Gewissheiten. Die Reihe der Ungewissheiten beginnt schon bei den Ma\u00dfen. Der 1952 entdeckte Raum misst 3,2 Meter mal 3,2 Meter. Doch in einer Ecke wurde der Ansatz einer St\u00fctze f\u00fcr ein Kreuzgew\u00f6lbe gefunden, und ein Teil davon liegt au\u00dferhalb des heutigen Raums. Es ist m\u00f6glich, dass der urspr\u00fcngliche Raum l\u00e4nger war als 3,2 Meter.\r\n\r\nEin weiteres R\u00e4tsel ist die Funktion des Kellers. Die drei gemauerten Nischen sind auff\u00e4llig, ebenso wie die Au\u00dfenseite. Diese wurde mit gro\u00dfem zus\u00e4tzlichen Aufwand wasserdicht gemacht: zuerst eine Putzschicht aus fettem, blauem Lehm gegen den Kunrader Stein, dann aufrecht stehende Dachziegel und schlie\u00dflich als \u00e4u\u00dferste Schicht Betonm\u00f6rtelputz. Die Frage lautet: Warum war all dieser Schutz gegen Feuchtigkeit n\u00f6tig? Eine m\u00f6gliche Antwort: Vielleicht verlief hier die Abwasserleitung des r\u00f6mischen Badehauses. Aber Beweise daf\u00fcr wurden nicht gefunden."},{"acf_fc_layout":"tekst_foto","tekst":"Unklar ist auch, wof\u00fcr der Keller diente. Die Nischen, der Betonboden und der besondere Feuchtigkeitsschutz heben den Keller \u00fcber den Rang eines gew\u00f6hnlichen Lagerraums hinaus und lassen an einen m\u00f6glichen Weinkeller denken.\r\n<h3>Neue Erlebnisgestaltung<\/h3>\r\nNach der Untersuchung und Reinigung werden Interessierte bald einen besseren Blick auf den Keller erhalten. Die Stadt Heerlen entwickelt derzeit ein neues Betrachtungsmodul, um das Erlebnis zu verbessern. Weitere Nachrichten folgen.","foto":10155}]},"_links":{"self":[{"href":"https:\/\/www.viabelgica.nl\/de\/wp-json\/wp\/v2\/posts\/16809","targetHints":{"allow":["GET"]}}],"collection":[{"href":"https:\/\/www.viabelgica.nl\/de\/wp-json\/wp\/v2\/posts"}],"about":[{"href":"https:\/\/www.viabelgica.nl\/de\/wp-json\/wp\/v2\/types\/post"}],"author":[{"embeddable":true,"href":"https:\/\/www.viabelgica.nl\/de\/wp-json\/wp\/v2\/users\/10"}],"replies":[{"embeddable":true,"href":"https:\/\/www.viabelgica.nl\/de\/wp-json\/wp\/v2\/comments?post=16809"}],"version-history":[{"count":2,"href":"https:\/\/www.viabelgica.nl\/de\/wp-json\/wp\/v2\/posts\/16809\/revisions"}],"predecessor-version":[{"id":16815,"href":"https:\/\/www.viabelgica.nl\/de\/wp-json\/wp\/v2\/posts\/16809\/revisions\/16815"}],"acf:term":[{"embeddable":true,"taxonomy":"category","href":"https:\/\/www.viabelgica.nl\/de\/wp-json\/wp\/v2\/categories\/35"}],"wp:attachment":[{"href":"https:\/\/www.viabelgica.nl\/de\/wp-json\/wp\/v2\/media?parent=16809"}],"wp:term":[{"taxonomy":"category","embeddable":true,"href":"https:\/\/www.viabelgica.nl\/de\/wp-json\/wp\/v2\/categories?post=16809"},{"taxonomy":"post_tag","embeddable":true,"href":"https:\/\/www.viabelgica.nl\/de\/wp-json\/wp\/v2\/tags?post=16809"}],"curies":[{"name":"wp","href":"https:\/\/api.w.org\/{rel}","templated":true}]}}