
{"id":16821,"date":"2023-04-29T08:30:10","date_gmt":"2023-04-29T06:30:10","guid":{"rendered":"https:\/\/www.viabelgica.nl\/1300-paginas-expertkennis-over-villa-voerendaal\/"},"modified":"2025-11-15T16:27:04","modified_gmt":"2025-11-15T14:27:04","slug":"1300-paginas-expertkennis-over-villa-voerendaal","status":"publish","type":"post","link":"https:\/\/www.viabelgica.nl\/de\/1300-paginas-expertkennis-over-villa-voerendaal\/","title":{"rendered":"1.300 Seiten Expertenwissen \u00fcber die Villa Voerendaal"},"content":{"rendered":"","protected":false},"excerpt":{"rendered":"","protected":false},"author":10,"featured_media":0,"comment_status":"closed","ping_status":"closed","sticky":false,"template":"","format":"standard","meta":{"_acf_changed":false,"inline_featured_image":false,"footnotes":""},"categories":[],"tags":[],"class_list":["post-16821","post","type-post","status-publish","format-standard","hentry"],"acf":{"categorie":35,"afbeelding":10152,"auteur":"Harry Lindelauf","fotografie":"Mikko Kriek","contentbuilder":[{"acf_fc_layout":"tekst","tekst":"<h3>Selbst auf europ\u00e4ischer Ebene wurde darauf gewartet: der Bericht, der s\u00e4mtliches wissenschaftliches Wissen \u00fcber die r\u00f6mische villa rustica in Voerendaal b\u00fcndelt. Am 31. M\u00e4rz 2023 war es nach drei Jahren Forschung so weit \u2014 w\u00e4hrend eines Symposiums im Limburgs Museum in Venlo.<\/h3>\r\nDas englischsprachige Dokument mit nicht weniger als 1.300 Seiten ist laut Sitzungsleiter Leonard de Wit vom Niederl\u00e4ndischen Amt f\u00fcr Kulturerbe (RCE) \u201eein Fest f\u00fcr die internationale arch\u00e4ologische Gemeinschaft\u201c. Dank der Forschung und der Ver\u00f6ffentlichung gelten die Reste unter den Feldern entlang der Steinweg nun als eine der vollst\u00e4ndigst untersuchten Villen in den Niederlanden.\r\nDie neue Arbeit bietet mehrere neue Erkenntnisse: Auf dem Gel\u00e4nde standen mehr Holzbauten als gedacht, datierend von der Steinzeit bis ins fr\u00fche Mittelalter. Auch die Datierung r\u00f6mischer Funde konnte pr\u00e4ziser bestimmt werden."},{"acf_fc_layout":"foto_tekst","foto":10149,"tekst":"<h3>Speicher f\u00fcr 100.000 Kilo Getreide<\/h3>\r\nBei den Fakten zeigt sich das gr\u00f6\u00dfte r\u00f6mische Landwirtschaftsgut unter den mehr als 65, die in den Niederlanden gefunden wurden. In Voerendaal wurde auf 13 Hektar fruchtbarem L\u00f6ssboden haupts\u00e4chlich Dinkel angebaut \u2014 f\u00fcr die Soldaten in den Kastellen entlang des Rheins.\r\n\r\nDie Villa selbst bestand aus zahlreichen Geb\u00e4uden, die nacheinander aus Kunrader Stein errichtet wurden. Die erste Villa stammt aus der Zeit zwischen 70 und 100 n. Chr., die zweite gro\u00dfe Villa aus etwa dem Jahr 125. Die S\u00e4ulengalerie dieser Villa war ganze 150 Meter lang, es gab ein Badehaus mit Toilette, und im Getreidespeicher konnten rund 100.000 Kilo Getreide aufbewahrt werden. Es gibt Hinweise darauf, dass sogar ein zweiter Speicher errichtet wurde."},{"acf_fc_layout":"tekst","tekst":"<h3>Zur\u00fcck in die Zeit<\/h3>\r\nDie Datierung verbrannter Getreidek\u00f6rner in j\u00fcngerer Forschung zeigt, dass zwischen 250 und 270 n. Chr. der gro\u00dfe Speicher durch Feuer zerst\u00f6rt wurde. Wahrscheinlichste Ursache: pl\u00fcndernde Germanen. Um das Jahr 320 verlassen die R\u00f6mer das Gebiet. Auf dem Villengel\u00e4nde gehen die Bauern des fr\u00fchen Mittelalters geschichtlich zur\u00fcck: Sie errichten dort ihre Holzh\u00e4user mit Scheunen und bewirtschaften weiter das Land, auf dem bereits in der Eisenzeit Menschen in halbunterirdischen Holzh\u00e4usern lebten."},{"acf_fc_layout":"tekst_foto","tekst":"<a href=\"https:\/\/www.cultureelerfgoed.nl\/publicaties\/publicaties\/2023\/01\/01\/villa-voerendaal\">Der Bericht ist in sechs Teilen auf der Website des RCE verf\u00fcgbar<\/a> (englischsprachig).\r\n\r\nDer Bericht wurde von und f\u00fcr Arch\u00e4ologen geschrieben. Eine zug\u00e4nglichere M\u00f6glichkeit, die Ergebnisse von drei Jahren Forschung zu lesen, bietet das Buch Villa Voerendaal, van vondst naar verrassend verhaal. Das Buch wurde vom <a href=\"https:\/\/www.limburgsmuseum.nl\">Limburgs Museum<\/a> in Venlo herausgegeben und ist im Museumsshop erh\u00e4ltlich.","foto":10152}]},"_links":{"self":[{"href":"https:\/\/www.viabelgica.nl\/de\/wp-json\/wp\/v2\/posts\/16821","targetHints":{"allow":["GET"]}}],"collection":[{"href":"https:\/\/www.viabelgica.nl\/de\/wp-json\/wp\/v2\/posts"}],"about":[{"href":"https:\/\/www.viabelgica.nl\/de\/wp-json\/wp\/v2\/types\/post"}],"author":[{"embeddable":true,"href":"https:\/\/www.viabelgica.nl\/de\/wp-json\/wp\/v2\/users\/10"}],"replies":[{"embeddable":true,"href":"https:\/\/www.viabelgica.nl\/de\/wp-json\/wp\/v2\/comments?post=16821"}],"version-history":[{"count":2,"href":"https:\/\/www.viabelgica.nl\/de\/wp-json\/wp\/v2\/posts\/16821\/revisions"}],"predecessor-version":[{"id":16827,"href":"https:\/\/www.viabelgica.nl\/de\/wp-json\/wp\/v2\/posts\/16821\/revisions\/16827"}],"acf:term":[{"embeddable":true,"taxonomy":"category","href":"https:\/\/www.viabelgica.nl\/de\/wp-json\/wp\/v2\/categories\/35"}],"wp:attachment":[{"href":"https:\/\/www.viabelgica.nl\/de\/wp-json\/wp\/v2\/media?parent=16821"}],"wp:term":[{"taxonomy":"category","embeddable":true,"href":"https:\/\/www.viabelgica.nl\/de\/wp-json\/wp\/v2\/categories?post=16821"},{"taxonomy":"post_tag","embeddable":true,"href":"https:\/\/www.viabelgica.nl\/de\/wp-json\/wp\/v2\/tags?post=16821"}],"curies":[{"name":"wp","href":"https:\/\/api.w.org\/{rel}","templated":true}]}}