
{"id":16833,"date":"2023-04-19T10:44:31","date_gmt":"2023-04-19T08:44:31","guid":{"rendered":"https:\/\/www.viabelgica.nl\/dame-van-voerendaal-betreedt-dansend-het-toneel\/"},"modified":"2025-11-15T16:29:53","modified_gmt":"2025-11-15T14:29:53","slug":"dame-van-voerendaal-betreedt-dansend-het-toneel","status":"publish","type":"post","link":"https:\/\/www.viabelgica.nl\/de\/dame-van-voerendaal-betreedt-dansend-het-toneel\/","title":{"rendered":"Dame von Voerendaal betritt tanzend die B\u00fchne"},"content":{"rendered":"","protected":false},"excerpt":{"rendered":"","protected":false},"author":10,"featured_media":0,"comment_status":"closed","ping_status":"closed","sticky":false,"template":"","format":"standard","meta":{"_acf_changed":false,"inline_featured_image":false,"footnotes":""},"categories":[],"tags":[],"class_list":["post-16833","post","type-post","status-publish","format-standard","hentry"],"acf":{"categorie":35,"afbeelding":10110,"auteur":"Harry Lindelauf","fotografie":"Ritmo","contentbuilder":[{"acf_fc_layout":"tekst","tekst":"Die \u201eDame von Voerendaal\u201c kommt am 3. und 4. Juni ins Theater in Heerlen. Zusammen mit drei weiteren starken Frauen aus der Geschichte Voerendaals spielt sie die Hauptrolle in der Tanzvorstellung Stark des Tanzvereins Ritmo.\r\n\r\nStark ist die Geschichte, die Ricky Domen \u00fcber vier starke Frauen aus 2.000 Jahren Voerendaaler Geschichte schrieb: die R\u00f6merin Lucia (Dame von Voerendaal), die Wasserjungfrau Aldegonde um das Jahr 800, Anna-Maria, die Adlige aus dem Mittelalter, und Lidy aus der modernen Zeit. In Lucias Geschichte steht der r\u00f6mische Gutshof an der Steinweg im Mittelpunkt, mit den (klassischen) Rollenverteilungen zwischen Arm und Reich, Herren und Sklaven sowie Mann und Frau. Aldegonde ist eine junge Adlige, die um 800 im Schloss Cortenbach wohnt. Ihr Leben ist gepr\u00e4gt von Konflikten und Verwicklungen rund um ihre Eltern. Schlie\u00dflich ertrinkt sie nach einem Kampf im Teich des Schlosses Cortenbach. In st\u00fcrmischen N\u00e4chten erhebt sie sich und wandert als Geist durch Voerendaal, auf der Suche nach ihrer Mutter.\r\n\r\nFreuleshoes und Smartphones\r\nDie dritte starke Frau ist die Adlige, die das nach ihr benannte Freuleshoes neben der Kirche erbauen lie\u00df. Aufgrund ihrer adeligen Herkunft muss sie in Aachen studieren, wird jedoch mit dem Tod ihrer Eltern konfrontiert. Danach nutzt ein Bruder die Situation aus und sorgt daf\u00fcr, dass das elterliche Schloss Dammerscheidt verloren geht.\r\n\r\nDas Quartett der starken Frauen wird durch Lidy abgeschlossen. Ihre Geschichte beginnt w\u00e4hrend des Zweiten Weltkriegs, folgt dem Wiederaufbau und endet 2023, komplett mit Social Media und Smartphones.\r\n\r\nWurzeln in der Geschichte\r\nDie Geschichte von Stark hat dank der Mitarbeit von Jo Ortmans und Wil Maassen feste Wurzeln in der Geschichte Voerendaals. F\u00fcr die Dramaturgie wurde jedoch ein Teil Fiktion hinzugef\u00fcgt. So ist beispielsweise nicht bekannt, ob die Dame von Voerendaal in der r\u00f6mischen Villa an der Steinweg wohnte.\r\nDas Publikum kann der Geschichte durch Erl\u00e4uterungen folgen, die die vier starken Frauen w\u00e4hrend ihres Auftritts geben. Die vollst\u00e4ndig ausgeschriebene Geschichte wird wahrscheinlich im Programmheft aufgenommen.\r\n\r\n250 T\u00e4nzerinnen und T\u00e4nzer\r\nW\u00e4hrend der Vorstellungen treten 250 T\u00e4nzerinnen und T\u00e4nzer auf. Die Choreografie stammt von sechs Lehrkr\u00e4ften von Ritmo. Der Verein besteht seit 1979 und bietet Tanzunterricht in vielen verschiedenen Stilen f\u00fcr alle Altersgruppen. Au\u00dferdem bildet ein Teil der Mitglieder die Showgruppe Scope.\r\n\r\nVorstellungen: Samstag, 3. Juni um 19 Uhr, und Sonntag, 4. Juni um 14 Uhr im Parkstad Limburg Theater in Heerlen.\r\n\r\nTickets: https:\/\/www.plt.nl\/...\/dansvorstellung...\/03-06-2023-19-00"}]},"_links":{"self":[{"href":"https:\/\/www.viabelgica.nl\/de\/wp-json\/wp\/v2\/posts\/16833","targetHints":{"allow":["GET"]}}],"collection":[{"href":"https:\/\/www.viabelgica.nl\/de\/wp-json\/wp\/v2\/posts"}],"about":[{"href":"https:\/\/www.viabelgica.nl\/de\/wp-json\/wp\/v2\/types\/post"}],"author":[{"embeddable":true,"href":"https:\/\/www.viabelgica.nl\/de\/wp-json\/wp\/v2\/users\/10"}],"replies":[{"embeddable":true,"href":"https:\/\/www.viabelgica.nl\/de\/wp-json\/wp\/v2\/comments?post=16833"}],"version-history":[{"count":2,"href":"https:\/\/www.viabelgica.nl\/de\/wp-json\/wp\/v2\/posts\/16833\/revisions"}],"predecessor-version":[{"id":16839,"href":"https:\/\/www.viabelgica.nl\/de\/wp-json\/wp\/v2\/posts\/16833\/revisions\/16839"}],"acf:term":[{"embeddable":true,"taxonomy":"category","href":"https:\/\/www.viabelgica.nl\/de\/wp-json\/wp\/v2\/categories\/35"}],"wp:attachment":[{"href":"https:\/\/www.viabelgica.nl\/de\/wp-json\/wp\/v2\/media?parent=16833"}],"wp:term":[{"taxonomy":"category","embeddable":true,"href":"https:\/\/www.viabelgica.nl\/de\/wp-json\/wp\/v2\/categories?post=16833"},{"taxonomy":"post_tag","embeddable":true,"href":"https:\/\/www.viabelgica.nl\/de\/wp-json\/wp\/v2\/tags?post=16833"}],"curies":[{"name":"wp","href":"https:\/\/api.w.org\/{rel}","templated":true}]}}