
{"id":16893,"date":"2023-04-03T09:07:13","date_gmt":"2023-04-03T07:07:13","guid":{"rendered":"https:\/\/www.viabelgica.nl\/expoditie-euregio-met-de-romeinen\/"},"modified":"2025-11-15T16:59:31","modified_gmt":"2025-11-15T14:59:31","slug":"expoditie-euregio-met-de-romeinen","status":"publish","type":"post","link":"https:\/\/www.viabelgica.nl\/de\/expoditie-euregio-met-de-romeinen\/","title":{"rendered":"Expodition Euregio mit den R\u00f6mern"},"content":{"rendered":"","protected":false},"excerpt":{"rendered":"","protected":false},"author":10,"featured_media":0,"comment_status":"closed","ping_status":"closed","sticky":false,"template":"","format":"standard","meta":{"_acf_changed":false,"inline_featured_image":false,"footnotes":""},"categories":[],"tags":[],"class_list":["post-16893","post","type-post","status-publish","format-standard","hentry"],"acf":{"categorie":null,"afbeelding":9930,"auteur":"","fotografie":"Thermenmuseum","contentbuilder":[{"acf_fc_layout":"tekst","tekst":"Gehe auf Expodition durch das r\u00f6mische S\u00fcd-Limburg. Eine spektakul\u00e4re Erlebnis- und Zeitreise in das r\u00f6mische Leben in der eigenen Region. Wir gehen 2.000 Jahre zur\u00fcck. Ein beeindruckender Feldzug durch die Landschaft. Von der gro\u00dfen Stadt bis aufs Land mit Villen \u2013 du entdeckst alles! Triff die Einheimischen und entdecke all ihre Br\u00e4uche in Bezug auf G\u00f6tter, Tote und Essen.\r\n\r\nDer TV-Moderator Jeroen Kramer nimmt dich als virtueller r\u00f6mischer F\u00fchrer mit in das r\u00f6mische Leben in all seinen Aspekten \u2013 \u00fcber einen neuen \u201eHightech\u201c-Ausstellungsraum, dessen absoluter Blickfang eine 100 Quadratmeter gro\u00dfe Projektionswand ist. In der Ausstellung erz\u00e4hlt das Museum \u201edie r\u00f6mische Geschichte\u201c, unter Einsatz neuer Medien und Ausstellungstechniken.\r\n\r\nAls Besucher gehst \u2013 oder besser: reist \u2013 du an sechs verschiedenen \u201eInseln\u201c vorbei. Auf diesen Inseln siehst und h\u00f6rst du zum Beispiel die Geschichte \u00fcber Bodenrohstoffe wie Sandstein oder L\u00f6ss, die bereits von den R\u00f6mern genutzt wurden. Auf einer anderen Insel begegnest du den r\u00f6mischen Bewohnern oder besuchst das r\u00f6mische Coriovallum (wie Heerlen damals hie\u00df) und das Umland. An anderer Stelle isst du mit den R\u00f6mern oder h\u00e4ltst inne bei ihren \u201eG\u00f6ttern und Toten\u201c.\r\n\r\nDas Prunkst\u00fcck ist eine \u00fcber 28 Meter lange und 3 Meter hohe Projektionswand, auf der die r\u00f6mische Landschaft der heutigen Euregio in einem beschleunigten Zeitverlauf von Morgen bis Nacht gezeigt wird.\r\n\r\nAls Besucher erkennst du selbst 2.000 Jahre sp\u00e4ter Teile dieser Landschaft in der (weiten) Umgebung der Region Parkstad wieder. Und auf der Leinwand passiert allerhand: Du siehst das Leben der R\u00f6mer an dir vorbeiziehen. Soldaten ruhen sich in den Thermen aus; der T\u00f6pfer ist gesch\u00e4ftig und Bauern bearbeiten das Land.\r\n\r\nMehr Infos:\u00a0<a href=\"https:\/\/www.thermenmuseum.nl\/\">Homepage - Thermenmuseum<\/a>"}]},"_links":{"self":[{"href":"https:\/\/www.viabelgica.nl\/de\/wp-json\/wp\/v2\/posts\/16893","targetHints":{"allow":["GET"]}}],"collection":[{"href":"https:\/\/www.viabelgica.nl\/de\/wp-json\/wp\/v2\/posts"}],"about":[{"href":"https:\/\/www.viabelgica.nl\/de\/wp-json\/wp\/v2\/types\/post"}],"author":[{"embeddable":true,"href":"https:\/\/www.viabelgica.nl\/de\/wp-json\/wp\/v2\/users\/10"}],"replies":[{"embeddable":true,"href":"https:\/\/www.viabelgica.nl\/de\/wp-json\/wp\/v2\/comments?post=16893"}],"version-history":[{"count":2,"href":"https:\/\/www.viabelgica.nl\/de\/wp-json\/wp\/v2\/posts\/16893\/revisions"}],"predecessor-version":[{"id":16898,"href":"https:\/\/www.viabelgica.nl\/de\/wp-json\/wp\/v2\/posts\/16893\/revisions\/16898"}],"wp:attachment":[{"href":"https:\/\/www.viabelgica.nl\/de\/wp-json\/wp\/v2\/media?parent=16893"}],"wp:term":[{"taxonomy":"category","embeddable":true,"href":"https:\/\/www.viabelgica.nl\/de\/wp-json\/wp\/v2\/categories?post=16893"},{"taxonomy":"post_tag","embeddable":true,"href":"https:\/\/www.viabelgica.nl\/de\/wp-json\/wp\/v2\/tags?post=16893"}],"curies":[{"name":"wp","href":"https:\/\/api.w.org\/{rel}","templated":true}]}}