
{"id":16928,"date":"2023-01-27T22:26:40","date_gmt":"2023-01-27T20:26:40","guid":{"rendered":"https:\/\/www.viabelgica.nl\/innovatie-door-recept-romeins-beton\/"},"modified":"2025-11-15T17:19:24","modified_gmt":"2025-11-15T15:19:24","slug":"innovatie-door-recept-romeins-beton","status":"publish","type":"post","link":"https:\/\/www.viabelgica.nl\/de\/innovatie-door-recept-romeins-beton\/","title":{"rendered":"Innovation durch ein Rezept f\u00fcr r\u00f6mischen Beton"},"content":{"rendered":"","protected":false},"excerpt":{"rendered":"","protected":false},"author":10,"featured_media":0,"comment_status":"closed","ping_status":"closed","sticky":false,"template":"","format":"standard","meta":{"_acf_changed":false,"inline_featured_image":false,"footnotes":""},"categories":[],"tags":[],"class_list":["post-16928","post","type-post","status-publish","format-standard","hentry"],"acf":{"categorie":35,"afbeelding":9852,"auteur":"Harry Lindelauf","fotografie":"MIT, Thermenmuseum Heerlen, Phillippe Debeerst , L\u2019Oeil Photography\/Thermenmuseum, Harry Lindelauf","contentbuilder":[{"acf_fc_layout":"tekst","tekst":"Wie kann man Beton herstellen, der l\u00e4nger h\u00e4lt und bei der Produktion weniger umweltsch\u00e4dlich ist? Forscher aus den USA und der Schweiz suchten nach dieser Innovation und haben nun die L\u00f6sung gefunden: Es handelt sich um ein 2 300 Jahre altes Rezept f\u00fcr r\u00f6mischen Beton."},{"acf_fc_layout":"foto_tekst","foto":10077,"tekst":"Professor Admir Masic vom Massachusetts Institute of Technology (MIT) in den USA leitete die Suche, mit Beteiligung der Universit\u00e4t Harvard und eines Schweizer Materialforschungsinstituts. Masic fand den Schl\u00fcssel in kleinen Betonst\u00fccken aus der r\u00f6mischen Stadtmauer von Proverno bei Rom.\r\n\r\nBekannt ist, dass r\u00f6mischer Beton sehr lange h\u00e4lt: Die Kuppel des Pantheon stammt aus dem Jahr 128. Ebenso bekannt ist, dass ein anderes Rezept f\u00fcr r\u00f6mischen Beton dank der Zugabe von Vulkanasche unter Wasser aush\u00e4rtet und im Laufe der Zeit sogar st\u00e4rker wird. Lange dachte man, damit sei alles \u00fcber r\u00f6mischen Beton bekannt.\r\n\r\nFoto: das Pantheon in Rom. Diese Version wurde um das Jahr 128 erbaut. Die Abmessungen sind beeindruckend: Die Betonkuppe misst 43,30 Meter im Durchmesser und ist ebenfalls 43,30 Meter hoch. Die \u00d6ffnung in der Kuppel hat einen Durchmesser von neun Metern."},{"acf_fc_layout":"tekst_foto","tekst":"<h3>Nachl\u00e4ssiger Beton<\/h3>\r\nDas Team von Masic setzte dennoch fort und analysierte die Zusammensetzung des Betonfragments aus Proverno mit modernsten Techniken. Masic fiel auf, dass r\u00f6mischer Beton millimetergro\u00dfe St\u00fccke von Calciumcarbonat enth\u00e4lt, eingebettet in ein kalkhaltiges Material. Das war bereits zuvor entdeckt, aber als Ergebnis von nachl\u00e4ssigem Mischen abgetan worden.\r\n\r\nMasic stellte diese Annahme infrage: \u201eWenn die R\u00f6mer so viel Aufwand betrieben, um ein au\u00dfergew\u00f6hnliches Baumaterial zu schaffen und alle detaillierten Rezepte befolgten, die \u00fcber viele Jahrhunderte hinweg verbessert worden waren, warum sollten sie dann beim Mischen so wenig Sorgfalt walten lassen?\u201c\r\n\r\nFoto: Fragment aus einer Abfallgrube beim Thermenmuseum in Heerlen. Ein St\u00fcck Fu\u00dfboden mit Mosaiksteinen, eingelegt in rosafarbenen Beton.","foto":10080},{"acf_fc_layout":"foto_tekst","foto":10074,"tekst":"Branntkalk\r\n\r\nDas Team entdeckte, dass die Mineralfragmente entstehen, wenn Beton mit Branntkalk hergestellt wird, wo normalerweise Sumpfkalk verwendet wird. Der Unterschied entsteht durch die chemische Reaktion im Betonmischung. Diese Reaktion setzt viel W\u00e4rme frei, die zur Bildung der Mineralfragmente f\u00fchrt.\r\n\r\nMasic fand auch heraus, warum r\u00f6mischer Beton so lange h\u00e4lt. Es zeigt sich, dass der Beton kleine Risse selbst repariert. Wasser, das in die Risse eindringt, l\u00f6st Kalk aus den Calciumcarbonatpartikeln. Dieser Kalk kristallisiert und schlie\u00dft Risse bis zu 0,5 Millimeter Breite, wie Labortests zeigten. Masic hofft, dass die Forschung hilft, die Umweltbelastung der Zementproduktion zu verringern. Diese macht derzeit etwa 8 Prozent der weltweiten Treibhausgasemissionen aus. Der r\u00f6mische Beton des Jahres 2023 soll dies durch eine l\u00e4ngere Lebensdauer und die Entwicklung leichterer Betone erreichen.\r\n\r\nFoto: Ein St\u00fcck Beton. Das Calcium leuchtet rot, Silizium blau und Aluminium gr\u00fcn. Das Calcium, das f\u00fcr die einzigartigen selbstheilenden Eigenschaften verantwortlich ist, ist im unteren Teil des Bildes sichtbar."},{"acf_fc_layout":"tekst","tekst":"<p class=\"Hoofdtekst\" style=\"line-height: 150%;\">Das Pantheon und das Kolosseum sind zwei weltber\u00fchmte Beispiele r\u00f6mischer Geb\u00e4ude, die dank r\u00f6mischen Betons errichtet werden konnten. Entlang der Via Belgica in S\u00fcdlimburg wurde r\u00f6mischer Beton beim Bau der Pfeiler f\u00fcr die Maasbr\u00fccke in Maastricht verwendet. Auch f\u00fcr die Thermen in Heerlen nutzten die R\u00f6mer Beton, etwa als Tr\u00e4ger f\u00fcr einen Mosaikboden.<\/p>"}]},"_links":{"self":[{"href":"https:\/\/www.viabelgica.nl\/de\/wp-json\/wp\/v2\/posts\/16928","targetHints":{"allow":["GET"]}}],"collection":[{"href":"https:\/\/www.viabelgica.nl\/de\/wp-json\/wp\/v2\/posts"}],"about":[{"href":"https:\/\/www.viabelgica.nl\/de\/wp-json\/wp\/v2\/types\/post"}],"author":[{"embeddable":true,"href":"https:\/\/www.viabelgica.nl\/de\/wp-json\/wp\/v2\/users\/10"}],"replies":[{"embeddable":true,"href":"https:\/\/www.viabelgica.nl\/de\/wp-json\/wp\/v2\/comments?post=16928"}],"version-history":[{"count":2,"href":"https:\/\/www.viabelgica.nl\/de\/wp-json\/wp\/v2\/posts\/16928\/revisions"}],"predecessor-version":[{"id":16934,"href":"https:\/\/www.viabelgica.nl\/de\/wp-json\/wp\/v2\/posts\/16928\/revisions\/16934"}],"acf:term":[{"embeddable":true,"taxonomy":"category","href":"https:\/\/www.viabelgica.nl\/de\/wp-json\/wp\/v2\/categories\/35"}],"wp:attachment":[{"href":"https:\/\/www.viabelgica.nl\/de\/wp-json\/wp\/v2\/media?parent=16928"}],"wp:term":[{"taxonomy":"category","embeddable":true,"href":"https:\/\/www.viabelgica.nl\/de\/wp-json\/wp\/v2\/categories?post=16928"},{"taxonomy":"post_tag","embeddable":true,"href":"https:\/\/www.viabelgica.nl\/de\/wp-json\/wp\/v2\/tags?post=16928"}],"curies":[{"name":"wp","href":"https:\/\/api.w.org\/{rel}","templated":true}]}}