
{"id":16953,"date":"2022-12-30T17:47:59","date_gmt":"2022-12-30T15:47:59","guid":{"rendered":"https:\/\/www.viabelgica.nl\/de-via-belgica-fietsen-in-drie-dagen-dat-kan\/"},"modified":"2025-11-15T17:26:06","modified_gmt":"2025-11-15T15:26:06","slug":"de-via-belgica-fietsen-in-drie-dagen-dat-kan","status":"publish","type":"post","link":"https:\/\/www.viabelgica.nl\/de\/de-via-belgica-fietsen-in-drie-dagen-dat-kan\/","title":{"rendered":"Die Via Belgica in drei Tagen mit dem Fahrrad \u2014 das geht &#8230;"},"content":{"rendered":"","protected":false},"excerpt":{"rendered":"","protected":false},"author":10,"featured_media":0,"comment_status":"closed","ping_status":"closed","sticky":false,"template":"","format":"standard","meta":{"_acf_changed":false,"inline_featured_image":false,"footnotes":""},"categories":[],"tags":[],"class_list":["post-16953","post","type-post","status-publish","format-standard","hentry"],"acf":{"categorie":null,"afbeelding":10053,"auteur":"Harry Lindelauf","fotografie":"Harry ","contentbuilder":[{"acf_fc_layout":"tekst","tekst":"Dinsdagochtend vertrokken ze per gravel-bike in Boulogne-sur-m\u00e8r, donderdagavond kwamen ze aan bij de Dom in Keulen. Daarmee reden Nol van Loon, Kenneth Alting, Casper van Amelsvoort en Mark van Ham in drie dagen tijd de volledige Via Belgica-route. Hun reis wordt vastgelegd in een video-documentaire en een foto-expositie.\r\n\r\n\u2018Helemaal zelf bedacht en uitgewerkt\u2019, bekent Nol van Loon als hem wordt gevraagd wie op het idee kwam van deze ultra-fietstocht. \u2018We zoeken elk jaar een fiets-uitdaging voor de stille dagen tussen Kerst en Nieuwjaar. Wij noemen dat onze \u2018Crazy500\u2019 omdat we mikken op 500 fietskilometers. Voor fietsenfabrikant Ridley maakten we een video over een nieuwe fiets met een mythologische naam en kwamen we op het spoor van de Griekse en Romeinse mythologie. Zo is het zaadje geplant en zijn we bij de Via Belgica terecht gekomen. Dankzij de routes op de site van de Via Belgica en Wikipedia hebben we het traject uitgezet langs historisch interessante punten. Uiteindelijk hebben we ongeveer eenvijfde van de 500 kilometer op gravel gereden. En ik moet zeggen\r\n\r\nAm Dienstagmorgen starteten sie auf ihren Gravelbikes in Boulogne-sur-Mer; am Donnerstagabend kamen sie am Dom in K\u00f6ln an. Damit fuhren Nol van Loon, Kenneth Alting, Casper van Amelsvoort und Mark van Ham die gesamte Via-Belgica-Route in drei Tagen. Ihre Reise wird in einer Videodokumentation und einer Fotoausstellung festgehalten.\r\n\r\n\u201eGanz allein von uns ausgedacht und ausgearbeitet\u201c, gesteht Nol van Loon, als man ihn fragt, wer auf die Idee zu dieser Ultraradtour kam. \u201eJedes Jahr suchen wir eine Fahrrad-Herausforderung f\u00fcr die ruhigen Tage zwischen Weihnachten und Neujahr. Wir nennen das unsere \u2018Crazy500\u2019, weil wir 500 Fahrradkilometer anpeilen. F\u00fcr den Fahrradhersteller Ridley haben wir ein Video \u00fcber ein neues Fahrrad mit einem mythologischen Namen gemacht und kamen so auf die Spur der griechischen und r\u00f6mischen Mythologie. So wurde der Samen gepflanzt und sind wir bei der Via Belgica gelandet. Dank der Routen auf der Website der Via Belgica und Wikipedia haben wir die Strecke entlang historisch interessanter Punkte festgelegt. Letztlich sind wir etwa ein F\u00fcnftel der 500 Kilometer auf Gravel gefahren. Und ich muss sagen: Dank der Gravelwege haben wir die sch\u00f6nsten Orte gesehen.\u201c\r\n<h3>Fahrradtouren mit Geschichte<\/h3>\r\nNol van Loon ist Teil von Fatpigeon aus Tilburg. Das Unternehmen entwickelt und f\u00e4hrt Fahrradtouren mit einer Geschichte, \u201eweil wir zeigen wollen, dass Radfahren mehr sein kann als nur auf einem Fahrrad zu sitzen.\u201c Die Touren werden gefilmt und an nationale und regionale Tourismusb\u00fcros sowie andere Auftraggeber wie Fahrradhersteller verkauft.\r\n<h3>Kopfsteinpflasterpassagen<\/h3>\r\nDie erste Etappe \u00fcber 120 Kilometer f\u00fchrte am Dienstag, dem 27. Dezember, von Boulogne-sur-Mer nach Arras. Mittwoch, der 28. Dezember, bedeutete 220 Kilometer von Arras nach Orp-Jauche in Belgien \u2014 eine Strecke \u00fcber rutschige Kopfsteinpflasterpassagen, einen Sturz ohne Verletzungen und f\u00fcnfzehn Reifenpannen. Am Donnerstag fuhr die Gruppe die Schlussetappe \u00fcber 170 Kilometer \u00fcber Tongern und Maastricht nach K\u00f6ln.\r\n\r\n&nbsp;"}]},"_links":{"self":[{"href":"https:\/\/www.viabelgica.nl\/de\/wp-json\/wp\/v2\/posts\/16953","targetHints":{"allow":["GET"]}}],"collection":[{"href":"https:\/\/www.viabelgica.nl\/de\/wp-json\/wp\/v2\/posts"}],"about":[{"href":"https:\/\/www.viabelgica.nl\/de\/wp-json\/wp\/v2\/types\/post"}],"author":[{"embeddable":true,"href":"https:\/\/www.viabelgica.nl\/de\/wp-json\/wp\/v2\/users\/10"}],"replies":[{"embeddable":true,"href":"https:\/\/www.viabelgica.nl\/de\/wp-json\/wp\/v2\/comments?post=16953"}],"version-history":[{"count":2,"href":"https:\/\/www.viabelgica.nl\/de\/wp-json\/wp\/v2\/posts\/16953\/revisions"}],"predecessor-version":[{"id":16958,"href":"https:\/\/www.viabelgica.nl\/de\/wp-json\/wp\/v2\/posts\/16953\/revisions\/16958"}],"wp:attachment":[{"href":"https:\/\/www.viabelgica.nl\/de\/wp-json\/wp\/v2\/media?parent=16953"}],"wp:term":[{"taxonomy":"category","embeddable":true,"href":"https:\/\/www.viabelgica.nl\/de\/wp-json\/wp\/v2\/categories?post=16953"},{"taxonomy":"post_tag","embeddable":true,"href":"https:\/\/www.viabelgica.nl\/de\/wp-json\/wp\/v2\/tags?post=16953"}],"curies":[{"name":"wp","href":"https:\/\/api.w.org\/{rel}","templated":true}]}}