
{"id":16988,"date":"2023-01-01T10:00:27","date_gmt":"2023-01-01T08:00:27","guid":{"rendered":"https:\/\/www.viabelgica.nl\/anja-neskens-nieuwe-projectleider-via-belgica\/"},"modified":"2025-11-15T17:40:23","modified_gmt":"2025-11-15T15:40:23","slug":"anja-neskens-nieuwe-projectleider-via-belgica","status":"publish","type":"post","link":"https:\/\/www.viabelgica.nl\/de\/anja-neskens-nieuwe-projectleider-via-belgica\/","title":{"rendered":"\ud83c\udde9\ud83c\uddea Deutsch  Anja Neskens neue Projektleiterin von Via Belgica"},"content":{"rendered":"","protected":false},"excerpt":{"rendered":"","protected":false},"author":10,"featured_media":0,"comment_status":"closed","ping_status":"closed","sticky":false,"template":"","format":"standard","meta":{"_acf_changed":false,"inline_featured_image":false,"footnotes":""},"categories":[],"tags":[],"class_list":["post-16988","post","type-post","status-publish","format-standard","hentry"],"acf":{"categorie":null,"afbeelding":10029,"auteur":"Ankie Bosch","fotografie":"Britt van Kruchten","contentbuilder":[{"acf_fc_layout":"tekst","tekst":"Ein neues Jahr, ein neuer Anfang \u2014 auch f\u00fcr die Via Belgica. Seit dem 1. Januar 2023 ist Anja Neskens die Projektleiterin von Via Belgica. Damit tritt sie die Nachfolge von Toos Hofstede an, die die Via Belgica in den vergangenen Jahren mit Herz und Seele auf die Karte gesetzt hat. Anja war zuvor leitende Projektleiterin f\u00fcr Ausstellungen im Limburgs Museum und Stadtarch\u00e4ologin in Maaseik, also ist ihre Leidenschaft f\u00fcr die Vergangenheit bestens aufgehoben! Sie kombiniert ihre Rolle mit der des Projektleiters R\u00f6mische Vergangenheit in Heerlen."}]},"_links":{"self":[{"href":"https:\/\/www.viabelgica.nl\/de\/wp-json\/wp\/v2\/posts\/16988","targetHints":{"allow":["GET"]}}],"collection":[{"href":"https:\/\/www.viabelgica.nl\/de\/wp-json\/wp\/v2\/posts"}],"about":[{"href":"https:\/\/www.viabelgica.nl\/de\/wp-json\/wp\/v2\/types\/post"}],"author":[{"embeddable":true,"href":"https:\/\/www.viabelgica.nl\/de\/wp-json\/wp\/v2\/users\/10"}],"replies":[{"embeddable":true,"href":"https:\/\/www.viabelgica.nl\/de\/wp-json\/wp\/v2\/comments?post=16988"}],"version-history":[{"count":2,"href":"https:\/\/www.viabelgica.nl\/de\/wp-json\/wp\/v2\/posts\/16988\/revisions"}],"predecessor-version":[{"id":16994,"href":"https:\/\/www.viabelgica.nl\/de\/wp-json\/wp\/v2\/posts\/16988\/revisions\/16994"}],"wp:attachment":[{"href":"https:\/\/www.viabelgica.nl\/de\/wp-json\/wp\/v2\/media?parent=16988"}],"wp:term":[{"taxonomy":"category","embeddable":true,"href":"https:\/\/www.viabelgica.nl\/de\/wp-json\/wp\/v2\/categories?post=16988"},{"taxonomy":"post_tag","embeddable":true,"href":"https:\/\/www.viabelgica.nl\/de\/wp-json\/wp\/v2\/tags?post=16988"}],"curies":[{"name":"wp","href":"https:\/\/api.w.org\/{rel}","templated":true}]}}