
{"id":17000,"date":"2023-12-27T10:00:09","date_gmt":"2023-12-27T08:00:09","guid":{"rendered":"https:\/\/www.viabelgica.nl\/een-nieuwe-toekomst-voor-het-romeins-verleden\/"},"modified":"2025-11-15T17:47:52","modified_gmt":"2025-11-15T15:47:52","slug":"een-nieuwe-toekomst-voor-het-romeins-verleden","status":"publish","type":"post","link":"https:\/\/www.viabelgica.nl\/de\/een-nieuwe-toekomst-voor-het-romeins-verleden\/","title":{"rendered":"Eine neue Zukunft f\u00fcr die r\u00f6mische Vergangenheit"},"content":{"rendered":"","protected":false},"excerpt":{"rendered":"","protected":false},"author":10,"featured_media":0,"comment_status":"closed","ping_status":"closed","sticky":false,"template":"","format":"standard","meta":{"_acf_changed":false,"inline_featured_image":false,"footnotes":""},"categories":[],"tags":[],"class_list":["post-17000","post","type-post","status-publish","format-standard","hentry"],"acf":{"categorie":null,"afbeelding":9996,"auteur":"Harry Lindelauf en Ankie Bosch","fotografie":"Thermenmuseum en Jonathan Vos Photography","contentbuilder":[{"acf_fc_layout":"tekst","tekst":"<h2 class=\"p1\">Die r\u00f6mische Vergangenheit in S\u00fcdlimburg ist dank Via Belgica gut verankert. In den kommenden Jahren wird das R\u00f6mische Museum in Heerlen neue Impulse geben. Museums-Quartiermacherin Beno\u00eet Mater und Via-Belgica-Projektleiterin Toos Hofstede blicken nach vorn (und zur\u00fcck). Und sie erkl\u00e4ren, warum Via Belgica so viel mehr ist als eine alte r\u00f6mische Heerstra\u00dfe.<\/h2>"},{"acf_fc_layout":"tekst_foto","tekst":"Was sie teilen: Begeisterung f\u00fcr das r\u00f6mische Erbe der Region. Diese Begeisterung ist bei Toos Hofstede gewachsen, seit sie vor sechs Jahren die Rolle der Projektleiterin \u00fcbernahm. Beno\u00eet Mater brachte sie nach ihrem Studium der mediterranen Arch\u00e4ologie mit und m\u00f6chte die Leidenschaft, die Italiener f\u00fcr ihr Erbe haben, auch hier vermitteln. \u201eWir wollen einen Samen in den Herzen der Limburger und der Niederl\u00e4nder pflanzen. Wir d\u00fcrfen stolz sein auf dieses besondere Erbe. Damit wir uns st\u00e4rker mit der Vergangenheit verbunden f\u00fchlen, die wir gemeinsam teilen.\u201c Toos: \u201eWir geben unserer Zukunft eine Vergangenheit und unserer Vergangenheit eine Zukunft.\u201c","foto":9990},{"acf_fc_layout":"tekst_quote","tekst":"Finde deinen Weg\r\nSeit Toos im Amt ist, wird die Via Belgica nicht mehr nur als die alte r\u00f6mische Heerstra\u00dfe betrachtet. Toos: \u201eVia Belgica ist mehr als die Suche nach einer 2.000 Jahre alten Stra\u00dfe. Sie erz\u00e4hlt uns die Geschichte der r\u00f6mischen Vergangenheit S\u00fcdlimburgs. Via Belgica ist der Ausgangspunkt, um herauszufinden, wer wir waren und wer wir sind. Und um das einzigartige Angebot dieser Region neu zu entdecken.\u201c\r\n\r\nNah bei den Menschen\r\n\u201eMit Via Belgica hat die r\u00f6mische Vergangenheit eine Zukunft bekommen, weil wir sie den Menschen n\u00e4hergebracht haben\u201c, sagt Toos. \u201eUnter dem Motto \u2018Finde deinen Weg\u2019 wurden Arch\u00e4ologie, Kultur und Tourismus geb\u00fcndelt, ebenso wie Vergangenheit und Gegenwart.\u201c Unternehmer und Kulturanbieter der Region tragen die Geschichte mit. Das Ergebnis ist ein breites und vielf\u00e4ltiges Angebot: von arch\u00e4ologischen Funden \u00fcber Rezepte bis hin zu Wanderwegen und Virtual Reality.","quote":"\u2018Via Belgica ist der Ausgangspunkt, um herauszufinden, wer wir waren und wer wir sind.\u2019","naam":"Toos Hofstede"},{"acf_fc_layout":"foto_tekst","foto":9993,"tekst":"Neue Ausstrahlung\r\nDieses Angebot wird im Sommer 2026 um ein neues R\u00f6misches Museum erweitert. Der Plan ist fertig, die Vorbereitungen laufen auf Hochtouren. Wenn das Licht auf Gr\u00fcn springt, schlie\u00dft das derzeitige Thermenmuseum 2024 seine T\u00fcren und der Bau des neuen Museums beginnt. Der Neubau soll ein Museum von nationaler Ausstrahlung und internationaler Anziehungskraft werden. Beno\u00eet: \u201eWir wollen das r\u00f6mische Museum der Niederlande sein. Ein Museum, das die r\u00f6mische Vergangenheit zwischen Maas und Rhein, zwischen Tongern und K\u00f6ln pr\u00e4sentiert.\u201c\r\n\r\nTor\r\nF\u00fcr die Bewohner der Region und die Besucher wird das neue Museum das Tor zum r\u00f6mischen Erbe bilden. \u201eDie Geschichten kommen dort an einem zentralen Ort zusammen und werden in der umliegenden Region vertieft\u201c, erkl\u00e4rt Toos. \u201eEtwa durch einen Spaziergang in der Villalandschaft von Bocholtz, das Kunstwerk der Dame von Voerendaal, ein r\u00f6misches Abendessen in der Villa de Proosdij oder eine Weinprobe im Weinschloss Genoels-Elderen.\u201c"},{"acf_fc_layout":"tekst_quote","tekst":"Zusammenarbeit\r\nToos: \u201eOb die Menschen wegen der sch\u00f6nen Natur, der Limburger Gastronomie oder der Arch\u00e4ologie kommen \u2014 wir tun stets unser Bestes, um aus all diesen Interessen heraus die T\u00fcren zur r\u00f6mischen Vergangenheit zu \u00f6ffnen.\u201c Die Zusammenarbeit zwischen der Provinz Limburg und den Gemeinden hat sich als unsch\u00e4tzbar erwiesen. \u201eGerade dadurch war es m\u00f6glich, \u00fcber Gemeinde- und Landesgrenzen hinwegzuschauen. Auch hier ist das Ganze mehr als die Summe seiner Teile.\u201c\r\n\r\nVerschmelzung von Kulturen\r\nWas sich im neuen Museum ebenfalls \u00e4ndern wird: Die einseitige Fokussierung auf die R\u00f6mer wird korrigiert. Beno\u00eet: \u201eDie r\u00f6mische Zeit ist in unserer Region eine gemischte Geschichte. Die bereits vorhandene Kultur hat sich mit der r\u00f6mischen Kultur vermischt. Diese Verschmelzung wollen wir zeigen. Wie genau wir das tun werden \u2014 daran arbeiten wir. Das ist ein spannender Entdeckungsprozess.\u201c","quote":"\u2018Bildung ist das Mittel, um das r\u00f6mische Erbe und seinen Einfluss auf die heutige Gesellschaft zu vermitteln.\u2019","naam":"Beno\u00eet Mater"},{"acf_fc_layout":"foto_tekst","foto":"","tekst":"Sch\u00fcler und Eltern\r\nF\u00fcr die kommenden Jahre sehen Toos und Beno\u00eet auch die Bildung als wichtige Aufgabe. \u201eDa k\u00f6nnen wir noch einen gro\u00dfen Schritt machen, nicht nur zur Jugend, sondern auch zu ihren Eltern\u201c, meint Toos. \u201eDie Bildung, die ich mir vorstelle, ist f\u00fcr alle gedacht. Und findet sich daher nicht nur in Klassenr\u00e4umen.\u201c Beno\u00eet: \u201eSch\u00fcler und Studierende bleiben eine wichtige Gruppe. Aber Bildung ist viel breiter \u2014 sie ist das Mittel, um das r\u00f6mische Erbe und seinen Einfluss auf die heutige Gesellschaft zu vermitteln.\u201c\r\n\r\n\u00dcber die Grenzen hinaus\r\nDie Ambitionen des R\u00f6mischen Museums, \u00fcber die Grenze zu schauen, passen laut Toos sehr gut zur Zukunft der Via Belgica nach ihrem bevorstehenden Abschied als Projektleiterin. \u201eDas r\u00f6mische Erbe kennt keine Landesgrenzen. Es ist daher spannend, \u00fcber die eigenen Grenzen hinauszuschauen. Mit grenz\u00fcberschreitenden Wander- und Fahrradrouten tun wir das bereits. Wegweiser, Sitzb\u00e4nke und Informationstafeln machen es Bewohnern und Besuchern leicht, das r\u00f6mische Erbe zu erleben. Die Website, die App und der Via-Belgica-F\u00fchrer \u2014 inzwischen in der vierten Auflage \u2014 weisen den Weg. Und ich denke, das neue R\u00f6mische Museum wird das bestehende Angebot enorm bereichern.\u201c"}]},"_links":{"self":[{"href":"https:\/\/www.viabelgica.nl\/de\/wp-json\/wp\/v2\/posts\/17000","targetHints":{"allow":["GET"]}}],"collection":[{"href":"https:\/\/www.viabelgica.nl\/de\/wp-json\/wp\/v2\/posts"}],"about":[{"href":"https:\/\/www.viabelgica.nl\/de\/wp-json\/wp\/v2\/types\/post"}],"author":[{"embeddable":true,"href":"https:\/\/www.viabelgica.nl\/de\/wp-json\/wp\/v2\/users\/10"}],"replies":[{"embeddable":true,"href":"https:\/\/www.viabelgica.nl\/de\/wp-json\/wp\/v2\/comments?post=17000"}],"version-history":[{"count":2,"href":"https:\/\/www.viabelgica.nl\/de\/wp-json\/wp\/v2\/posts\/17000\/revisions"}],"predecessor-version":[{"id":17006,"href":"https:\/\/www.viabelgica.nl\/de\/wp-json\/wp\/v2\/posts\/17000\/revisions\/17006"}],"wp:attachment":[{"href":"https:\/\/www.viabelgica.nl\/de\/wp-json\/wp\/v2\/media?parent=17000"}],"wp:term":[{"taxonomy":"category","embeddable":true,"href":"https:\/\/www.viabelgica.nl\/de\/wp-json\/wp\/v2\/categories?post=17000"},{"taxonomy":"post_tag","embeddable":true,"href":"https:\/\/www.viabelgica.nl\/de\/wp-json\/wp\/v2\/tags?post=17000"}],"curies":[{"name":"wp","href":"https:\/\/api.w.org\/{rel}","templated":true}]}}