
{"id":17033,"date":"2022-06-16T07:14:42","date_gmt":"2022-06-16T05:14:42","guid":{"rendered":"https:\/\/www.viabelgica.nl\/romeinse-vallei-bocholtz-onderdeel-archeo-park\/"},"modified":"2025-11-15T17:55:49","modified_gmt":"2025-11-15T15:55:49","slug":"romeinse-vallei-bocholtz-onderdeel-archeo-park","status":"publish","type":"post","link":"https:\/\/www.viabelgica.nl\/de\/romeinse-vallei-bocholtz-onderdeel-archeo-park\/","title":{"rendered":"R\u00f6misches Tal Bocholtz Teil eines Arch\u00e4oparks?"},"content":{"rendered":"","protected":false},"excerpt":{"rendered":"","protected":false},"author":1,"featured_media":0,"comment_status":"closed","ping_status":"closed","sticky":false,"template":"","format":"standard","meta":{"_acf_changed":false,"inline_featured_image":false,"footnotes":""},"categories":[],"tags":[],"class_list":["post-17033","post","type-post","status-publish","format-standard","hentry"],"acf":{"categorie":35,"afbeelding":9918,"auteur":"Harry Lindelauf","fotografie":"Rijksmuseum van Oudheden","contentbuilder":[{"acf_fc_layout":"tekst","tekst":"<h3>R\u00f6misches Tal Bocholtz Teil eines Arch\u00e4oparks?<\/h3>\r\nEine Arbeitsgruppe wird untersuchen, ob ein Arch\u00e4o-Park in Vlengendaal an der Grenze zwischen Bocholtz und Orsbach (D) realisierbar ist. Der internationale Ansatz soll mit dem deutsch-niederl\u00e4ndischen Gewerbepark Avantis vergleichbar sein. Als Thema wurde die jahrhundertealte Grenzgeschichte dieses Gebiets gew\u00e4hlt, einschlie\u00dflich des r\u00f6mischen Erbes in Form von vier Villae Rusticae. Seit dem 19. Jahrhundert wurden von diesen r\u00f6mischen Gutsh\u00f6fen Mauer- und Bodenreste, eine Aschenkiste und ein M\u00fcnzschatz ausgegraben.\r\n\r\nDie Idee f\u00fcr den Arch\u00e4o-Park entstand bei einem Treffen niederl\u00e4ndischer und deutscher Arch\u00e4ologen in Bocholtz. Sie besprachen die Ergebnisse einer Untersuchung des Kulturanbieters Marc Hermans. Im Auftrag der Gemeinde Simpelveld und der Provinz Limburg pr\u00fcfte er, ob es m\u00f6glich w\u00e4re, eine r\u00f6mische Villa Rustica im Gebiet Vlengendaal wieder aufzubauen. Das Fazit der Untersuchung ist kurz und deutlich: nein, das ist nicht machbar. Unter anderem wegen der Vorschriften zum Schutz der r\u00f6mischen \u00dcberreste und weil die Grundst\u00fccke in Privatbesitz sind.\r\n\r\nDie Grenze ist in der Landschaft sichtbar: durch den erh\u00f6hten Verlauf der jahrhundertealten Aachener Landwehr und durch die Reste der Westwall-Verteidigungsanlagen aus dem Zweiten Weltkrieg. Der n\u00e4chste Schritt bei der Planung ist die Ernennung der Mitglieder der Arbeitsgruppe, die deutsch-niederl\u00e4ndisch besetzt sein wird.\r\n<h3>Bildunterschrift<\/h3>\r\nFoto der Ausgrabung der r\u00f6mischen Villa von Vlengendaal im Jahr 1913. Ein Teil des Heizkellers ist sichtbar, mit S\u00e4ulen, die den Fliesenboden trugen. Im Hintergrund steht A. Scholten, einer der Assistenten w\u00e4hrend der Ausgrabung."}]},"_links":{"self":[{"href":"https:\/\/www.viabelgica.nl\/de\/wp-json\/wp\/v2\/posts\/17033","targetHints":{"allow":["GET"]}}],"collection":[{"href":"https:\/\/www.viabelgica.nl\/de\/wp-json\/wp\/v2\/posts"}],"about":[{"href":"https:\/\/www.viabelgica.nl\/de\/wp-json\/wp\/v2\/types\/post"}],"author":[{"embeddable":true,"href":"https:\/\/www.viabelgica.nl\/de\/wp-json\/wp\/v2\/users\/1"}],"replies":[{"embeddable":true,"href":"https:\/\/www.viabelgica.nl\/de\/wp-json\/wp\/v2\/comments?post=17033"}],"version-history":[{"count":2,"href":"https:\/\/www.viabelgica.nl\/de\/wp-json\/wp\/v2\/posts\/17033\/revisions"}],"predecessor-version":[{"id":17038,"href":"https:\/\/www.viabelgica.nl\/de\/wp-json\/wp\/v2\/posts\/17033\/revisions\/17038"}],"acf:term":[{"embeddable":true,"taxonomy":"category","href":"https:\/\/www.viabelgica.nl\/de\/wp-json\/wp\/v2\/categories\/35"}],"wp:attachment":[{"href":"https:\/\/www.viabelgica.nl\/de\/wp-json\/wp\/v2\/media?parent=17033"}],"wp:term":[{"taxonomy":"category","embeddable":true,"href":"https:\/\/www.viabelgica.nl\/de\/wp-json\/wp\/v2\/categories?post=17033"},{"taxonomy":"post_tag","embeddable":true,"href":"https:\/\/www.viabelgica.nl\/de\/wp-json\/wp\/v2\/tags?post=17033"}],"curies":[{"name":"wp","href":"https:\/\/api.w.org\/{rel}","templated":true}]}}