
{"id":17079,"date":"2021-11-16T13:39:27","date_gmt":"2021-11-16T11:39:27","guid":{"rendered":"https:\/\/www.viabelgica.nl\/mijlpaal-houthem-weer-stukje-romeins-limburg-aan-oppervlakte-gebracht\/"},"modified":"2025-11-15T18:16:53","modified_gmt":"2025-11-15T16:16:53","slug":"mijlpaal-houthem-weer-stukje-romeins-limburg-aan-oppervlakte-gebracht","status":"publish","type":"post","link":"https:\/\/www.viabelgica.nl\/de\/mijlpaal-houthem-weer-stukje-romeins-limburg-aan-oppervlakte-gebracht\/","title":{"rendered":"Ein einzigartiges neues St\u00fcck der Via Belgica in Houthem er\u00f6ffnet"},"content":{"rendered":"","protected":false},"excerpt":{"rendered":"","protected":false},"author":1,"featured_media":0,"comment_status":"closed","ping_status":"closed","sticky":false,"template":"","format":"standard","meta":{"_acf_changed":false,"inline_featured_image":false,"footnotes":""},"categories":[],"tags":[],"class_list":["post-17079","post","type-post","status-publish","format-standard","hentry"],"acf":{"categorie":null,"afbeelding":9828,"auteur":"Harry Lindelauf","fotografie":"Harry Lindelauf","contentbuilder":[{"acf_fc_layout":"tekst","tekst":"<div class=\"article__intro\">\r\n\r\nDie ber\u00fchmte Via Belgica hat im s\u00fcdlichen Limburg endlich auch f\u00fcr den modernen Menschen ein Gesicht bekommen \u2013 durch eine neue gelbe Stra\u00dfenoberfl\u00e4che von zehn Metern L\u00e4nge und acht Metern Breite. Gegen\u00fcber Schloss Sint Gerlach in Valkenburg-Houthem kann diese Nachbildung der Stra\u00dfe nun besichtigt werden, komplett mit Wagenrillen und einem mannshohen r\u00f6mischen Meilenstein.\r\n\r\nDas neueste St\u00fcck der Via Belgica liegt einige hundert Meter von den Stellen entfernt, an der Stra\u00dfe Sint Gerlach und am Putweg, wo der Verlauf der alten Via Belgica nachgewiesen wurde. Seit 2017 arbeitet der Heimatverein Houthem\u2013Sint Gerlach daran, die r\u00f6mische Stra\u00dfe sichtbar zu machen.\r\n\r\nVorsitzender Jos Lodewick vom Heimatverein, der ehemalige Provinzabgeordnete Burlet, die Arch\u00e4ologin Karen Jeneson, Camille Oostwegel sen. und mehrere Sponsoren machten das Projekt m\u00f6glich.\r\n\r\nBruder Leo Disch aus der Abtei Sint Benedictusberg in Mamelis mei\u00dfelte die Inschriften in die S\u00e4ule aus franz\u00f6sischem Kalkstein. Christian Kicken lieferte die Texte, sodass das Ergebnis historisch korrekt ist.\r\n<p class=\"HoofdtekstA\"><\/p>\r\n\r\n<\/div>\r\n&nbsp;"}]},"_links":{"self":[{"href":"https:\/\/www.viabelgica.nl\/de\/wp-json\/wp\/v2\/posts\/17079","targetHints":{"allow":["GET"]}}],"collection":[{"href":"https:\/\/www.viabelgica.nl\/de\/wp-json\/wp\/v2\/posts"}],"about":[{"href":"https:\/\/www.viabelgica.nl\/de\/wp-json\/wp\/v2\/types\/post"}],"author":[{"embeddable":true,"href":"https:\/\/www.viabelgica.nl\/de\/wp-json\/wp\/v2\/users\/1"}],"replies":[{"embeddable":true,"href":"https:\/\/www.viabelgica.nl\/de\/wp-json\/wp\/v2\/comments?post=17079"}],"version-history":[{"count":2,"href":"https:\/\/www.viabelgica.nl\/de\/wp-json\/wp\/v2\/posts\/17079\/revisions"}],"predecessor-version":[{"id":17083,"href":"https:\/\/www.viabelgica.nl\/de\/wp-json\/wp\/v2\/posts\/17079\/revisions\/17083"}],"wp:attachment":[{"href":"https:\/\/www.viabelgica.nl\/de\/wp-json\/wp\/v2\/media?parent=17079"}],"wp:term":[{"taxonomy":"category","embeddable":true,"href":"https:\/\/www.viabelgica.nl\/de\/wp-json\/wp\/v2\/categories?post=17079"},{"taxonomy":"post_tag","embeddable":true,"href":"https:\/\/www.viabelgica.nl\/de\/wp-json\/wp\/v2\/tags?post=17079"}],"curies":[{"name":"wp","href":"https:\/\/api.w.org\/{rel}","templated":true}]}}