
{"id":17161,"date":"2021-06-09T20:35:40","date_gmt":"2021-06-09T18:35:40","guid":{"rendered":"https:\/\/www.viabelgica.nl\/we-kijken-nu-ogen-naar-mooie-omgeving\/"},"modified":"2025-11-15T18:56:48","modified_gmt":"2025-11-15T16:56:48","slug":"we-kijken-nu-ogen-naar-mooie-omgeving","status":"publish","type":"post","link":"https:\/\/www.viabelgica.nl\/de\/we-kijken-nu-ogen-naar-mooie-omgeving\/","title":{"rendered":"\u201eWir schauen jetzt mit anderen Augen auf diese sch\u00f6ne Umgebung\u201c"},"content":{"rendered":"","protected":false},"excerpt":{"rendered":"","protected":false},"author":1,"featured_media":0,"comment_status":"closed","ping_status":"closed","sticky":false,"template":"","format":"standard","meta":{"_acf_changed":false,"inline_featured_image":false,"footnotes":""},"categories":[],"tags":[],"class_list":["post-17161","post","type-post","status-publish","format-standard","hentry"],"acf":{"categorie":35,"afbeelding":9405,"auteur":"Harry Lindelauf","fotografie":"Laurent Stevens","contentbuilder":[{"acf_fc_layout":"tekst","tekst":"Mieke und Hub Aussems sind Wanderer mit einem gro\u00dfen W. Ihre Kilometer liegen \u00fcberall: Alpen, Eifel, Ardennen, S\u00fcd-Limburg. Gef\u00fcllt mit zum Beispiel dem Pieterpad, sehr lange dem j\u00e4hrlichen Margraten-Marsch und dem GR5 bis Diekirch. Jetzt kommt die Fernwanderung der Via Belgica dazu."},{"acf_fc_layout":"tekst_foto","tekst":"Sie haben buchst\u00e4blich und im \u00fcbertragenen Sinne schon viele Kilometer auf dem Z\u00e4hler. Das ist m\u00f6glich, weil sie schon jung mit diesem attraktiven Ph\u00e4nomen namens Wandern in Ber\u00fchrung kamen. Mieke: \u201eAls junges M\u00e4dchen ging ich im Pfadfinderuniform den Margraten-Marsch, der jedes Jahr abgehalten wird, um die Soldaten auf dem amerikanischen Friedhof dort zu gedenken.\u201c Und tats\u00e4chlich, Hub war auch dort, obwohl sie sich noch nicht kannten: \u201eIch war Messdiener und wir gingen die Strecke als Gruppe.\u201c","foto":9408},{"acf_fc_layout":"foto_tekst","foto":9414,"tekst":"\u00d6sterreichische Alpen\r\nAls sie sp\u00e4ter ein Paar werden und heiraten, werden die \u00f6sterreichischen Alpen ihr Wandergebiet. Hub: \u201eDort hat das Wandern f\u00fcr uns wirklich begonnen.\u201c Obwohl Mieke aus einer echten Radfahrerfamilie stammt (ihre Schwester ist buchst\u00e4blich um die Welt geradelt, zu einer Zeit, als dies noch ein Unikum war), wandert sie von Herzen. Beide sind aktiv im Wanderverein ihres damaligen Wohnortes Vilt bei Valkenburg."},{"acf_fc_layout":"tekst_quote","tekst":"Wandern zum Vergn\u00fcgen\r\nSie wandern also gern und zum Vergn\u00fcgen, um die Umgebung zu genie\u00dfen, in der sie zu Gast sind. \u201eEchte Leistungsm\u00e4rsche sind nichts f\u00fcr uns. F\u00fcr uns geht es um die Landschaft, das genie\u00dfen wir\u201c, sagt Hub. Obwohl Mieke ein akribisches Tagebuch \u00fcber all ihre Wanderungen f\u00fchrt, einschlie\u00dflich der gelaufenen Distanzen.\r\n\r\nSie haben zusammen viel gesehen und sind sich v\u00f6llig einig: S\u00fcd-Limburg bietet das sch\u00f6nste Wandererlebnis. \u201eDie Landschaft ist zug\u00e4nglicher und freundlicher f\u00fcr einen Wanderer als die Ardennen. Die Eifel ist leer; hier kommt man alle paar Kilometer an einer Terrasse vorbei. Wir schauen jetzt mit anderen Augen auf diese sch\u00f6ne Umgebung.\u201c","quote":"Die Landschaft ist zug\u00e4nglicher und freundlicher f\u00fcr einen Wanderer als die Ardennen.","naam":""},{"acf_fc_layout":"foto_tekst","foto":9399,"tekst":"Villa Ten Hove\r\nDie Liebe zum Wandern in der eigenen Umgebung bekommt nun einen neuen Impuls durch die Fernwanderung der Via Belgica. Hub: \u201eWir haben gern ein Ziel, wenn wir wandern, die Etappenl\u00e4ngen sind f\u00fcr uns gut und dank der Erl\u00e4uterungen und des orangen B\u00fcchleins schauen wir auch anders auf die Landschaft. Es ist sch\u00f6n zu wissen, dass die R\u00f6mer hier ohne Last von Landesgrenzen herumliefen. Beeindruckend auch, was sie vor 2000 Jahren technisch zustande brachten, zum Beispiel die Warmluftheizung, die wir im Thermenmuseum in Heerlen sahen. Und in Voerendaal standen wir an dem Feld, unter dem die villa rustica Ten Hove liegt. Die h\u00e4tte ich wirklich gern gesehen, schade, dass dort jetzt Korn w\u00e4chst.\u201c"},{"acf_fc_layout":"slideshow","slideshow":[9393]}]},"_links":{"self":[{"href":"https:\/\/www.viabelgica.nl\/de\/wp-json\/wp\/v2\/posts\/17161","targetHints":{"allow":["GET"]}}],"collection":[{"href":"https:\/\/www.viabelgica.nl\/de\/wp-json\/wp\/v2\/posts"}],"about":[{"href":"https:\/\/www.viabelgica.nl\/de\/wp-json\/wp\/v2\/types\/post"}],"author":[{"embeddable":true,"href":"https:\/\/www.viabelgica.nl\/de\/wp-json\/wp\/v2\/users\/1"}],"replies":[{"embeddable":true,"href":"https:\/\/www.viabelgica.nl\/de\/wp-json\/wp\/v2\/comments?post=17161"}],"version-history":[{"count":2,"href":"https:\/\/www.viabelgica.nl\/de\/wp-json\/wp\/v2\/posts\/17161\/revisions"}],"predecessor-version":[{"id":17167,"href":"https:\/\/www.viabelgica.nl\/de\/wp-json\/wp\/v2\/posts\/17161\/revisions\/17167"}],"acf:term":[{"embeddable":true,"taxonomy":"category","href":"https:\/\/www.viabelgica.nl\/de\/wp-json\/wp\/v2\/categories\/35"}],"wp:attachment":[{"href":"https:\/\/www.viabelgica.nl\/de\/wp-json\/wp\/v2\/media?parent=17161"}],"wp:term":[{"taxonomy":"category","embeddable":true,"href":"https:\/\/www.viabelgica.nl\/de\/wp-json\/wp\/v2\/categories?post=17161"},{"taxonomy":"post_tag","embeddable":true,"href":"https:\/\/www.viabelgica.nl\/de\/wp-json\/wp\/v2\/tags?post=17161"}],"curies":[{"name":"wp","href":"https:\/\/api.w.org\/{rel}","templated":true}]}}