
{"id":17185,"date":"2021-06-01T20:48:17","date_gmt":"2021-06-01T18:48:17","guid":{"rendered":"https:\/\/www.viabelgica.nl\/boete-is-t-sjunner-dan-binne\/"},"modified":"2025-11-15T19:07:40","modified_gmt":"2025-11-15T17:07:40","slug":"boete-is-t-sjunner-dan-binne","status":"publish","type":"post","link":"https:\/\/www.viabelgica.nl\/de\/boete-is-t-sjunner-dan-binne\/","title":{"rendered":"\u201eDrau\u00dfen ist sch\u00f6ner als drinnen\u201c"},"content":{"rendered":"","protected":false},"excerpt":{"rendered":"","protected":false},"author":1,"featured_media":0,"comment_status":"closed","ping_status":"closed","sticky":false,"template":"","format":"standard","meta":{"_acf_changed":false,"inline_featured_image":false,"footnotes":""},"categories":[],"tags":[],"class_list":["post-17185","post","type-post","status-publish","format-standard","hentry"],"acf":{"categorie":35,"afbeelding":9357,"auteur":"Harry Lindelauf","fotografie":"Laurent Stevens","contentbuilder":[{"acf_fc_layout":"tekst","tekst":"<div class=\"page\" title=\"Page 1\">\r\n<div class=\"section\">\r\n<div class=\"layoutArea\">\r\n<div class=\"column\">\r\n\r\n\u201eBoete is \u2019t sjunner dan binne\u201c (Drau\u00dfen ist sch\u00f6ner als drinnen). Die Worte kommen aus dem Herzen von Raymond Leclercq, als er auf die Frage antwortet, was ihn am Wandern reizt. Sein Jugendfreund Jos Wassen, sie kennen sich seit etwa 60 Jahren vom Bernardinuskolleg, ist vollkommen mit Raymond einverstanden: \u201eIch genie\u00dfe den Kontakt mit der Natur.\u201c Jos hat auch ein sch\u00f6nes Etikett f\u00fcr ihre gemeinsamen Wandertouren: \u201eAusgleichssport\u201c.\r\n\r\n<\/div>\r\n<\/div>\r\n<\/div>\r\n<\/div>"},{"acf_fc_layout":"tekst_foto","tekst":"Jos, fr\u00fcher ein fanatischer Jogger, und Raymond, der ehemalige Radfahrer, wandern nun gemeinsam auf der Fernroute der Via Belgica zwischen Riemst und Rimburg. Einige Etappen haben sie bereits geschafft. Sie suchen immer nach sichtbaren r\u00f6mischen Spuren, aber diese sind selten. Sie gleichen das aus, indem sie viel \u00fcber die r\u00f6mische Zeit in S\u00fcd-Limburg lesen. B\u00fccher von Tom Buijtendorp und das \u201eorange B\u00fcchlein\u201c der Via Belgica bieten Halt, Inspiration und Orientierung.","foto":9369},{"acf_fc_layout":"foto_tekst","foto":9363,"tekst":"Herz f\u00fcr Geschichte\r\nNeben einem trainierten Wanderherz oder Radfahrerherz haben die Freunde auch ein Herz f\u00fcr Geschichte. Jos: \u201eDas kommt von unserem Geschichtslehrer am Bernardinus, Herrn Boonekamp. Der hat mein Interesse geweckt.\u201c Damit erh\u00e4lt der Lehrer des Heerlener Kollegs ein gro\u00dfes Kompliment von Jos.\r\n\r\nIn Stein zog die lokale Geschichte die Aufmerksamkeit des jungen Raymond auf sich, als dort eine r\u00f6mische Villa rustica gefunden wurde. Aber auch die Amateurarch\u00e4ologen Beckers und Pater Munsters vom Arch\u00e4ologischen Reservat in Stein machten ihn begeistert f\u00fcr Geschichte. \u201eWir haben ein breites Interesse daran, woher wir kommen und wie die Dinge um uns herum entstanden sind\u201c, erkl\u00e4rt Jos."},{"acf_fc_layout":"tekst_quote","tekst":"Die n\u00e4chsten Etappen der Fernwanderung warten auf die Freitagnachmittage von Jos und Raymond. Und vielleicht bleibt es nicht beim Wandern allein. Jos: \u201eWir wollen an den Rastpunkten zeichnen. Raymond aquarelliert, und ich mache Federzeichnungen. Das haben wir uns ausgedacht, als wir in Meerssen an der Basilika standen. So sch\u00f6n!\u201c","quote":"\u201eWir wollen an den Rastpunkten zeichnen. Das haben wir uns ausgedacht, als wir in Meerssen an der Basilika standen. So sch\u00f6n!\u201c","naam":" "},{"acf_fc_layout":"slideshow","slideshow":[9375]}]},"_links":{"self":[{"href":"https:\/\/www.viabelgica.nl\/de\/wp-json\/wp\/v2\/posts\/17185","targetHints":{"allow":["GET"]}}],"collection":[{"href":"https:\/\/www.viabelgica.nl\/de\/wp-json\/wp\/v2\/posts"}],"about":[{"href":"https:\/\/www.viabelgica.nl\/de\/wp-json\/wp\/v2\/types\/post"}],"author":[{"embeddable":true,"href":"https:\/\/www.viabelgica.nl\/de\/wp-json\/wp\/v2\/users\/1"}],"replies":[{"embeddable":true,"href":"https:\/\/www.viabelgica.nl\/de\/wp-json\/wp\/v2\/comments?post=17185"}],"version-history":[{"count":2,"href":"https:\/\/www.viabelgica.nl\/de\/wp-json\/wp\/v2\/posts\/17185\/revisions"}],"predecessor-version":[{"id":17191,"href":"https:\/\/www.viabelgica.nl\/de\/wp-json\/wp\/v2\/posts\/17185\/revisions\/17191"}],"acf:term":[{"embeddable":true,"taxonomy":"category","href":"https:\/\/www.viabelgica.nl\/de\/wp-json\/wp\/v2\/categories\/35"}],"wp:attachment":[{"href":"https:\/\/www.viabelgica.nl\/de\/wp-json\/wp\/v2\/media?parent=17185"}],"wp:term":[{"taxonomy":"category","embeddable":true,"href":"https:\/\/www.viabelgica.nl\/de\/wp-json\/wp\/v2\/categories?post=17185"},{"taxonomy":"post_tag","embeddable":true,"href":"https:\/\/www.viabelgica.nl\/de\/wp-json\/wp\/v2\/tags?post=17185"}],"curies":[{"name":"wp","href":"https:\/\/api.w.org\/{rel}","templated":true}]}}