
{"id":17221,"date":"2021-05-18T12:00:07","date_gmt":"2021-05-18T10:00:07","guid":{"rendered":"https:\/\/www.viabelgica.nl\/belgica-voerendaal-hoofdrol\/"},"modified":"2025-11-16T20:54:23","modified_gmt":"2025-11-16T18:54:23","slug":"belgica-voerendaal-hoofdrol","status":"publish","type":"post","link":"https:\/\/www.viabelgica.nl\/de\/belgica-voerendaal-hoofdrol\/","title":{"rendered":"Die Via Belgica in Voerendaal in der Hauptrolle"},"content":{"rendered":"","protected":false},"excerpt":{"rendered":"","protected":false},"author":1,"featured_media":0,"comment_status":"closed","ping_status":"closed","sticky":false,"template":"","format":"standard","meta":{"_acf_changed":false,"inline_featured_image":false,"footnotes":""},"categories":[],"tags":[],"class_list":["post-17221","post","type-post","status-publish","format-standard","hentry"],"acf":{"categorie":35,"afbeelding":9228,"auteur":"Harry Lindelauf","fotografie":"Gemeinde Voerendaal","contentbuilder":[{"acf_fc_layout":"tekst_quote","tekst":"Dies sind die Lieblingsfunde entlang der Via Belgica von den Experten. Entdecken Sie, was Arch\u00e4ologen auf unsere Frage antworten: Was ist Ihr r\u00f6mischer Lieblingsfund entlang der Via Belgica in S\u00fcdlimburg? Die Antworten sind vielf\u00e4ltig und \u00fcberraschend. Von einem bronzenen Diana-Bein bis zu spektakul\u00e4ren Sandstein-Aschenkisten. In zehn Folgen pr\u00e4sentieren wir die Wahl der Experten. In der f\u00fcnften Folge:\r\n\r\n&nbsp;","quote":"Bart Moonen","naam":"Fachreferent f\u00fcr Arch\u00e4ologie"},{"acf_fc_layout":"tekst","tekst":"Bart Moonen, Fachreferent f\u00fcr Arch\u00e4ologie der Provinz Limburg: \u201eDer wichtigste Fund f\u00fcr mich ist die Entdeckung von Resten der Via Belgica im Jahr 2001 beim Gewerbegebiet Lindelaufer Gewande in Voerendaal.\u201c Reste der Stra\u00dfe waren vor allem in den St\u00e4dten bekannt. Durch diese Entdeckung entsteht seiner Meinung nach eine Verbindung zwischen den St\u00e4dten Heerlen und Maastricht und dem l\u00e4ndlichen Gebiet dazwischen. \u201eDie Entdeckung der Reste der Via Belgica hat die T\u00fcren ge\u00f6ffnet, die gemeinsame r\u00f6mische Vergangenheit anzunehmen und zug\u00e4nglich zu machen,\u201c meint Bart Moonen."},{"acf_fc_layout":"tekst_witruimte","tekst":"<h3>Wichtiger Ankerpunkt<\/h3>\r\nDer Verlauf der Via Belgica wird in Voerendaal \u00fcber mehrere hundert Meter deutlich durch ein 8 Meter breites Paket aus Sand und Kies. Diese Schicht liegt unter den Gewerbebauten am Lindelaufer Gewande. In kurzer Entfernung wurde die Via Belgica in Voerendaal auch an der Oude Midweg und unter der Bergerweg nachgewiesen.\r\n\r\nBart Moonen half 2003 bei der arch\u00e4ologischen Untersuchung zur Via Belgica mit: \u201eAls junger, unerfahrener Arch\u00e4ologe mit einer Vorliebe f\u00fcr das Heuvelland war dies eine gro\u00dfartige Zeit. Mit einer f\u00fcr diese Zeit modernen GIS-Anwendung auf einem tragbaren Feld-PC gingen wir durch diese \u2018r\u00f6mische\u2019 Landschaft und suchten nach \u00dcberresten der Via Belgica. Die Reste bei Lindelaufer Gewande waren ein wichtiger Ankerpunkt in dieser Untersuchung.\u201c\r\n\r\nNach der Ausgrabung liegen unter dem Gewerbegebiet mehrere Dutzend Meter der Via Belgica verborgen."}]},"_links":{"self":[{"href":"https:\/\/www.viabelgica.nl\/de\/wp-json\/wp\/v2\/posts\/17221","targetHints":{"allow":["GET"]}}],"collection":[{"href":"https:\/\/www.viabelgica.nl\/de\/wp-json\/wp\/v2\/posts"}],"about":[{"href":"https:\/\/www.viabelgica.nl\/de\/wp-json\/wp\/v2\/types\/post"}],"author":[{"embeddable":true,"href":"https:\/\/www.viabelgica.nl\/de\/wp-json\/wp\/v2\/users\/1"}],"replies":[{"embeddable":true,"href":"https:\/\/www.viabelgica.nl\/de\/wp-json\/wp\/v2\/comments?post=17221"}],"version-history":[{"count":2,"href":"https:\/\/www.viabelgica.nl\/de\/wp-json\/wp\/v2\/posts\/17221\/revisions"}],"predecessor-version":[{"id":17227,"href":"https:\/\/www.viabelgica.nl\/de\/wp-json\/wp\/v2\/posts\/17221\/revisions\/17227"}],"acf:term":[{"embeddable":true,"taxonomy":"category","href":"https:\/\/www.viabelgica.nl\/de\/wp-json\/wp\/v2\/categories\/35"}],"wp:attachment":[{"href":"https:\/\/www.viabelgica.nl\/de\/wp-json\/wp\/v2\/media?parent=17221"}],"wp:term":[{"taxonomy":"category","embeddable":true,"href":"https:\/\/www.viabelgica.nl\/de\/wp-json\/wp\/v2\/categories?post=17221"},{"taxonomy":"post_tag","embeddable":true,"href":"https:\/\/www.viabelgica.nl\/de\/wp-json\/wp\/v2\/tags?post=17221"}],"curies":[{"name":"wp","href":"https:\/\/api.w.org\/{rel}","templated":true}]}}