
{"id":17236,"date":"2021-05-11T12:00:33","date_gmt":"2021-05-11T10:00:33","guid":{"rendered":"https:\/\/www.viabelgica.nl\/loden-grafkist-kind-riemst\/"},"modified":"2025-11-16T21:00:54","modified_gmt":"2025-11-16T19:00:54","slug":"loden-grafkist-kind-riemst","status":"publish","type":"post","link":"https:\/\/www.viabelgica.nl\/de\/loden-grafkist-kind-riemst\/","title":{"rendered":"Der Bleisarg eines Kindes aus Riemst"},"content":{"rendered":"<p>Dit zijn de favoriete Via Belgica-vondsten van de experts. Ontdek wat archeologen antwoorden op onze vraag: wat is jouw favoriete Romeinse vondst langs de Via Belgica in Zuid-Limburg? De antwoorden zijn gevarieerd en verrassend. Van een bronzen Diana-been tot spectaculaire zandstenen askisten. In tien afleveringen presenteren wij de keuze van experts. Dit keer Gabriella Kaszas<\/p>\n","protected":false},"excerpt":{"rendered":"<p>Dit zijn de favoriete Via Belgica-vondsten van de experts. Ontdek wat archeologen antwoorden op onze vraag: wat is jouw favoriete Romeinse vondst langs de Via Belgica in Zuid-Limburg? De antwoorden zijn gevarieerd en verrassend. Van een bronzen Diana-been tot spectaculaire zandstenen askisten. In tien afleveringen presenteren wij de keuze van experts. Dit keer Gabriella Kaszas<\/p>\n","protected":false},"author":1,"featured_media":0,"comment_status":"closed","ping_status":"closed","sticky":false,"template":"","format":"standard","meta":{"_acf_changed":false,"inline_featured_image":false,"footnotes":""},"categories":[],"tags":[],"class_list":["post-17236","post","type-post","status-publish","format-standard","hentry"],"acf":{"categorie":35,"afbeelding":9222,"auteur":"Harry Lindelauf","fotografie":"IOED","contentbuilder":[{"acf_fc_layout":"tekst_quote","tekst":"Dies sind die Lieblingsfunde der Via Belgica, ausgew\u00e4hlt von Experten. Entdecken Sie, was Arch\u00e4ologen auf unsere Frage antworten: Was ist Ihr liebster r\u00f6mischer Fund entlang der Via Belgica in S\u00fcdlimburg? Die Antworten sind vielf\u00e4ltig und \u00fcberraschend. Von einem bronzenen Diana-Bein bis hin zu spektakul\u00e4ren Sandstein-Aschenkisten. In zehn Folgen pr\u00e4sentieren wir die Wahl der Experten. In der vierten Folge:","quote":"Gabriella Kaszas","naam":"Arch\u00e4ologin"},{"acf_fc_layout":"tekst","tekst":"\u201e\u00c4u\u00dferst selten und ein Zeichen von Wohlstand\u201c ist die Wertsch\u00e4tzung, die die Arch\u00e4ologin Gabriella Kaszas f\u00fcr ihren Lieblingsfund \u00e4u\u00dfert. Sie ist Beraterin f\u00fcr Unterirdisches Erbe bei der IOED, dem Interkommunalen Dienst f\u00fcr Unbewegliches Erbe, unter anderem f\u00fcr Riemst (B). Im Jahr 2010 findet der Amateurarch\u00e4ologe Benny Castro auf einem Acker bei Heukelom in Riemst ein gro\u00dfes St\u00fcck Blei. Bei weiteren Untersuchungen entdeckt das VIOE (Fl\u00e4misches Institut f\u00fcr Unbewegliches Erbe) die \u00fcbrigen Teile eines r\u00f6mischen Bleisarges mit den \u00dcberresten eines Kindes.\r\n\r\n&nbsp;"},{"acf_fc_layout":"tekst_foto","tekst":"<h3>Pl\u00fcnderer<\/h3>\r\nDer Sarg ist 143 cm lang, 41 cm breit und 28 cm hoch, die miteinander vernieteten Bleiplatten sind 0,7 bis 0,9 cm dick. Leider ist der Sarg stark durch Pl\u00fcnderer oder durch modernes Pfl\u00fcgen besch\u00e4digt. Der Sarg stammt aus dem sp\u00e4ten dritten oder fr\u00fchen vierten Jahrhundert. Der Inhalt besteht aus dem unvollst\u00e4ndigen und gest\u00f6rten Skelett eines 7 bis 8 Jahre alten Kindes. Au\u00dfer einer r\u00f6mischen M\u00fcnze aus den Jahren 271\u2013274 wurden keine Grabbeigaben gefunden. In ganz Belgien wurden nur an vier anderen Orten r\u00f6mische Bleis\u00e4rge gefunden.\r\n\r\n&nbsp;\r\n\r\nSeltene Entdeckung im belgischen Heukelom: ein Bleisarg.","foto":9225}]},"_links":{"self":[{"href":"https:\/\/www.viabelgica.nl\/de\/wp-json\/wp\/v2\/posts\/17236","targetHints":{"allow":["GET"]}}],"collection":[{"href":"https:\/\/www.viabelgica.nl\/de\/wp-json\/wp\/v2\/posts"}],"about":[{"href":"https:\/\/www.viabelgica.nl\/de\/wp-json\/wp\/v2\/types\/post"}],"author":[{"embeddable":true,"href":"https:\/\/www.viabelgica.nl\/de\/wp-json\/wp\/v2\/users\/1"}],"replies":[{"embeddable":true,"href":"https:\/\/www.viabelgica.nl\/de\/wp-json\/wp\/v2\/comments?post=17236"}],"version-history":[{"count":1,"href":"https:\/\/www.viabelgica.nl\/de\/wp-json\/wp\/v2\/posts\/17236\/revisions"}],"predecessor-version":[{"id":17241,"href":"https:\/\/www.viabelgica.nl\/de\/wp-json\/wp\/v2\/posts\/17236\/revisions\/17241"}],"acf:term":[{"embeddable":true,"taxonomy":"category","href":"https:\/\/www.viabelgica.nl\/de\/wp-json\/wp\/v2\/categories\/35"}],"wp:attachment":[{"href":"https:\/\/www.viabelgica.nl\/de\/wp-json\/wp\/v2\/media?parent=17236"}],"wp:term":[{"taxonomy":"category","embeddable":true,"href":"https:\/\/www.viabelgica.nl\/de\/wp-json\/wp\/v2\/categories?post=17236"},{"taxonomy":"post_tag","embeddable":true,"href":"https:\/\/www.viabelgica.nl\/de\/wp-json\/wp\/v2\/tags?post=17236"}],"curies":[{"name":"wp","href":"https:\/\/api.w.org\/{rel}","templated":true}]}}