
{"id":17259,"date":"2021-04-27T12:00:34","date_gmt":"2021-04-27T10:00:34","guid":{"rendered":"https:\/\/www.viabelgica.nl\/thermen-allergrootste-topstuk\/"},"modified":"2025-11-16T21:12:48","modified_gmt":"2025-11-16T19:12:48","slug":"thermen-allergrootste-topstuk","status":"publish","type":"post","link":"https:\/\/www.viabelgica.nl\/de\/thermen-allergrootste-topstuk\/","title":{"rendered":"Die Thermen als das gr\u00f6\u00dfte Spitzenst\u00fcck"},"content":{"rendered":"","protected":false},"excerpt":{"rendered":"","protected":false},"author":1,"featured_media":0,"comment_status":"closed","ping_status":"closed","sticky":false,"template":"","format":"standard","meta":{"_acf_changed":false,"inline_featured_image":false,"footnotes":""},"categories":[],"tags":[],"class_list":["post-17259","post","type-post","status-publish","format-standard","hentry"],"acf":{"categorie":35,"afbeelding":9207,"auteur":"Harry Lindelauf","fotografie":"Thermenmuseum Heerlen","contentbuilder":[{"acf_fc_layout":"tekst_quote","tekst":"Dies sind die Lieblingsfunde entlang der Via Belgica, ausgew\u00e4hlt von Experten. Entdecken Sie, was Arch\u00e4ologen antworten, wenn wir fragen: Was ist Ihr liebster r\u00f6mischer Fund entlang der Via Belgica in S\u00fcdlimburg? Die Antworten sind vielf\u00e4ltig und \u00fcberraschend. Von einem bronzenen Diana-Bein bis hin zu spektakul\u00e4ren Aschenkisten aus Sandstein. In zehn Folgen pr\u00e4sentieren wir die Wahl der Experten. In der zweiten Folge:\r\n\r\n&nbsp;","quote":"Beno\u00eet Mater","naam":"Projektentwicklerin des R\u00f6mischen Museums Heerlen"},{"acf_fc_layout":"tekst","tekst":"\u201eIn Limburg gibt es sehr viele sch\u00f6ne Funde, und oft ist es gerade ein kleines, auf den ersten Blick unscheinbares Objekt, das die sch\u00f6nste Geschichte erz\u00e4hlt. F\u00fcr mich als Projektentwicklerin des neuen R\u00f6mischen Museums in Heerlen sind die r\u00f6mischen Thermen \u2013 ein nationales Denkmal \u2013 buchst\u00e4blich das allergr\u00f6\u00dfte Spitzenst\u00fcck. Die Antwort auf die unvermeidliche \u2018Warum-Frage\u2019 folgt mit voller \u00dcberzeugung: \u2018Hier kann man buchst\u00e4blich in die Fu\u00dfspuren der R\u00f6mer treten, den hektischen Alltag hinter sich lassen und in die Romantik der Arch\u00e4ologie und der r\u00f6mischen Kultur eintauchen. An diesem Ort begegnet man wortw\u00f6rtlich unserem Teil der r\u00f6mischen Geschichte.\u2019\u201c"},{"acf_fc_layout":"tekst_foto","tekst":"<h3>Erbaut zwischen 65 und 73<\/h3>\r\nDas neue Museum wird ab 2025 die \u00dcberreste der Thermen noch besser sch\u00fctzen und sch\u00f6ner pr\u00e4sentieren \u2013 so lautet das Versprechen. Das heutige Museumsgeb\u00e4ude ist bereits 45 Jahre alt, deutlich weniger als die fast 500 Jahre, in denen die Thermen genutzt wurden.\r\n\r\nDie erste Version der Thermen wurde zwischen 65 und 73 erbaut und verf\u00fcgte \u00fcber vier Bade\u00adr\u00e4ume, einen Umkleide-\/Sport\u00adraum, einen Heizraum sowie zwei kleine Au\u00dfenbereiche. Dieses Geb\u00e4ude war etwa 40 x 14 Meter gro\u00df. Der Bauplatz befand sich an der heutigen Kreuzung Kruisstraat\u2013Coriovallumstraat, nahe dem damaligen Kreuzungspunkt der Via Belgica mit der Stra\u00dfe Trier\u2013Aachen\u2013Xanten. Sp\u00e4ter wurde das Badehaus erweitert und wurde viermal so gro\u00df wie die urspr\u00fcngliche Version. Die \u00dcberreste der Heerlener Thermen wurden 1935 vom Stadtarch\u00e4ologen Piet Peters entdeckt.\r\n\r\nStege entlang der \u00dcberreste bieten eine bessere Sicht auf die r\u00f6mischen Thermen.","foto":9210},{"acf_fc_layout":"foto_tekst","foto":9213,"tekst":"Caumerbeek\r\n\r\nDie Thermen verbrauchten gro\u00dfe Mengen Wasser: die beiden Innenbecken mit kaltem Wasser fassten jeweils 5.000 Liter, das gr\u00f6\u00dfere und tiefere Au\u00dfenbecken 57.000 Liter. Zudem wurde das Wasser st\u00e4ndig erneuert. Die R\u00f6mer transportierten es \u00fcber mehrere Kilometer mithilfe einer Wasserleitung von der Quelle des Caumerbeek.\r\n\r\nVideo: <a href=\"https:\/\/vimeo.com\/484142570\">Hier<\/a> klicken f\u00fcr das Video\r\n\r\nIm Jahr 2025 erwartet Heerlen, ein neues R\u00f6misches Museum zu er\u00f6ffnen, in das die Thermen integriert werden."}]},"_links":{"self":[{"href":"https:\/\/www.viabelgica.nl\/de\/wp-json\/wp\/v2\/posts\/17259","targetHints":{"allow":["GET"]}}],"collection":[{"href":"https:\/\/www.viabelgica.nl\/de\/wp-json\/wp\/v2\/posts"}],"about":[{"href":"https:\/\/www.viabelgica.nl\/de\/wp-json\/wp\/v2\/types\/post"}],"author":[{"embeddable":true,"href":"https:\/\/www.viabelgica.nl\/de\/wp-json\/wp\/v2\/users\/1"}],"replies":[{"embeddable":true,"href":"https:\/\/www.viabelgica.nl\/de\/wp-json\/wp\/v2\/comments?post=17259"}],"version-history":[{"count":2,"href":"https:\/\/www.viabelgica.nl\/de\/wp-json\/wp\/v2\/posts\/17259\/revisions"}],"predecessor-version":[{"id":17266,"href":"https:\/\/www.viabelgica.nl\/de\/wp-json\/wp\/v2\/posts\/17259\/revisions\/17266"}],"acf:term":[{"embeddable":true,"taxonomy":"category","href":"https:\/\/www.viabelgica.nl\/de\/wp-json\/wp\/v2\/categories\/35"}],"wp:attachment":[{"href":"https:\/\/www.viabelgica.nl\/de\/wp-json\/wp\/v2\/media?parent=17259"}],"wp:term":[{"taxonomy":"category","embeddable":true,"href":"https:\/\/www.viabelgica.nl\/de\/wp-json\/wp\/v2\/categories?post=17259"},{"taxonomy":"post_tag","embeddable":true,"href":"https:\/\/www.viabelgica.nl\/de\/wp-json\/wp\/v2\/tags?post=17259"}],"curies":[{"name":"wp","href":"https:\/\/api.w.org\/{rel}","templated":true}]}}