
{"id":17284,"date":"2021-04-06T10:22:49","date_gmt":"2021-04-06T08:22:49","guid":{"rendered":"https:\/\/www.viabelgica.nl\/romeinse-keizers-op-reis-naar-italie\/"},"modified":"2025-11-16T21:19:53","modified_gmt":"2025-11-16T19:19:53","slug":"romeinse-keizers-op-reis-naar-italie","status":"publish","type":"post","link":"https:\/\/www.viabelgica.nl\/de\/romeinse-keizers-op-reis-naar-italie\/","title":{"rendered":"R\u00f6mische Kaiser auf Reise nach Italien"},"content":{"rendered":"","protected":false},"excerpt":{"rendered":"","protected":false},"author":1,"featured_media":0,"comment_status":"closed","ping_status":"closed","sticky":false,"template":"","format":"standard","meta":{"_acf_changed":false,"inline_featured_image":false,"footnotes":""},"categories":[],"tags":[],"class_list":["post-17284","post","type-post","status-publish","format-standard","hentry"],"acf":{"categorie":null,"afbeelding":9171,"auteur":"Harry Lindelauf","fotografie":"Wil van der Laan","contentbuilder":[{"acf_fc_layout":"tekst","tekst":"Bildhauer Wil van der Laan wird Ende Juni \u2013 sofern Corona es zul\u00e4sst \u2013 seine bronzenen B\u00fcsten von f\u00fcnf r\u00f6mischen Kaisern nach Pergola in Italien bringen. Dort werden sie die Gedenkfeier schm\u00fccken, dass in dieser Stadt in den Marken vor 75 Jahren die Bronzi Dorati (\u201eGoldenen Bronzen\u201c) ausgegraben wurden."},{"acf_fc_layout":"tekst_foto","tekst":"Die Reise von Wil van der Laan f\u00fchrt von Weingut zu Weingut bis zum Ziel in Pergola. Ausgangspunkt ist der Apostelhoeve in Maastricht. F\u00fcr die B\u00fcsten der Kaiser Aurelius, Nero, Hadrian, Augustus und Trajan sowie von Julius C\u00e4sar zu Pferd wird es eine einfache Reise: die Statuen bleiben in Pergola. Die Kunstwerke wurden von einem \u00f6rtlichen Privatk\u00e4ufer erworben.\r\n<h3>Buch und Film<\/h3>\r\nWil van der Laan h\u00e4lt an seinem Vorhaben fest, die Statuengruppe entlang der Via Belgica reisen zu lassen. Derzeit ber\u00e4t der K\u00fcnstler mit verschiedenen Parteien \u00fcber Ausstellungsorte und -termine f\u00fcr die zweite Serie, die gegossen wird.\r\n\r\nEnde M\u00e4rz standen die Statuen im Kaisersaal der St.-Servatius-Basilika. Sie wurden f\u00fcr ein Buch fotografiert, das sich in Vorbereitung befindet. Es wurden auch Aufnahmen f\u00fcr eine Dokumentation gemacht. In dem Film \u2013 in dem auch Gouverneur Theo Bovens zu sehen sein wird \u2013 wird die r\u00f6mische Vergangenheit Limburgs mit der von Pergola verbunden.","foto":9162},{"acf_fc_layout":"slideshow","slideshow":[9177,9189,9186,9183,9180,9165]}]},"_links":{"self":[{"href":"https:\/\/www.viabelgica.nl\/de\/wp-json\/wp\/v2\/posts\/17284","targetHints":{"allow":["GET"]}}],"collection":[{"href":"https:\/\/www.viabelgica.nl\/de\/wp-json\/wp\/v2\/posts"}],"about":[{"href":"https:\/\/www.viabelgica.nl\/de\/wp-json\/wp\/v2\/types\/post"}],"author":[{"embeddable":true,"href":"https:\/\/www.viabelgica.nl\/de\/wp-json\/wp\/v2\/users\/1"}],"replies":[{"embeddable":true,"href":"https:\/\/www.viabelgica.nl\/de\/wp-json\/wp\/v2\/comments?post=17284"}],"version-history":[{"count":1,"href":"https:\/\/www.viabelgica.nl\/de\/wp-json\/wp\/v2\/posts\/17284\/revisions"}],"predecessor-version":[{"id":17288,"href":"https:\/\/www.viabelgica.nl\/de\/wp-json\/wp\/v2\/posts\/17284\/revisions\/17288"}],"wp:attachment":[{"href":"https:\/\/www.viabelgica.nl\/de\/wp-json\/wp\/v2\/media?parent=17284"}],"wp:term":[{"taxonomy":"category","embeddable":true,"href":"https:\/\/www.viabelgica.nl\/de\/wp-json\/wp\/v2\/categories?post=17284"},{"taxonomy":"post_tag","embeddable":true,"href":"https:\/\/www.viabelgica.nl\/de\/wp-json\/wp\/v2\/tags?post=17284"}],"curies":[{"name":"wp","href":"https:\/\/api.w.org\/{rel}","templated":true}]}}