
{"id":17307,"date":"2021-03-25T10:24:57","date_gmt":"2021-03-25T08:24:57","guid":{"rendered":"https:\/\/www.viabelgica.nl\/inwoners-romeins-tongeren-krijgen-gezicht\/"},"modified":"2025-11-16T21:27:51","modified_gmt":"2025-11-16T19:27:51","slug":"inwoners-romeins-tongeren-krijgen-gezicht","status":"publish","type":"post","link":"https:\/\/www.viabelgica.nl\/de\/inwoners-romeins-tongeren-krijgen-gezicht\/","title":{"rendered":"Bewohner des r\u00f6mischen Tongern bekommen ein Gesicht"},"content":{"rendered":"","protected":false},"excerpt":{"rendered":"","protected":false},"author":1,"featured_media":0,"comment_status":"closed","ping_status":"closed","sticky":false,"template":"","format":"standard","meta":{"_acf_changed":false,"inline_featured_image":false,"footnotes":""},"categories":[],"tags":[],"class_list":["post-17307","post","type-post","status-publish","format-standard","hentry"],"acf":{"categorie":1,"afbeelding":9147,"auteur":"Harry Lindelauf","fotografie":" - ","contentbuilder":[{"acf_fc_layout":"tekst","tekst":"<p class=\"Hoofdtekst\">Wissenschaftler haben die Gesichter eines Mannes, eines Jungen und eines M\u00e4dchens rekonstruiert, die zu Beginn unserer Zeitrechnung in Tongern begraben wurden. Das Ergebnis der Rekonstruktion ist ab dem 1. Mai im Eingangsbereich des Gallo-R\u00f6mischen Museums in Tongern zu sehen. Im Jahr 2013 wurden die Skelette der drei Bewohner des r\u00f6mischen Tongern bei Ausgrabungen nordwestlich von Tongern gefunden. In einem Gr\u00e4berfeld lagen 15 Gr\u00e4ber mit den \u00dcberresten von 12 Erwachsenen und 5 Kindern.<\/p>"},{"acf_fc_layout":"tekst_foto","tekst":"<h3>Historische Sensation<\/h3>\r\nEin Grab erregte besonders die Aufmerksamkeit der Forscher unter Leitung von Henk van der Velde vom Fl\u00e4mischen Erbezentrum: \u201eW\u00e4hrend der Entdeckung dieses Grabes erlebten wir einen Moment historischer Sensation. Das brachte uns dazu, diese Studie durchzuf\u00fchren. Ihr Ergebnis ist bahnbrechend.\u201c\r\n\r\nIn dem auff\u00e4lligsten Grab lagen ein 40 bis 50 Jahre alter Mann, ein etwa 3-j\u00e4hriges M\u00e4dchen und ein etwa 6-j\u00e4hriger Junge. Der Mann und der Junge lagen auf dem Bauch begraben, das M\u00e4dchen auf der Seite. Ein bemerkenswertes Detail: das M\u00e4dchen hatte ihre Arme um die Beine des erwachsenen Mannes gelegt. Es ist naheliegend, dass der Mann und die beiden Kinder gleichzeitig ums Leben kamen und gemeinsam bestattet wurden.","foto":9141},{"acf_fc_layout":"foto_tekst","foto":9135,"tekst":"<h3>Bruder und Schwester<\/h3>\r\nDNA-Untersuchungen zeigen, dass die Kinder Bruder und Schwester waren; der Mann war nicht verwandt. Der gute Erhaltungszustand der Sch\u00e4delreste und die DNA-Ergebnisse erm\u00f6glichten Gesichtsrekonstruktionen. Die Untersuchung ist Teil eines gr\u00f6\u00dferen Projekts, mit dem belgische Wissenschaftler herausfinden wollen, woher die ersten Generationen der Bewohner von Tongern stammten. Dank des Strontium-Isotopenverh\u00e4ltnisses in den Backenz\u00e4hnen konnte festgestellt werden, dass sie in der Umgebung von Tongern geboren wurden."},{"acf_fc_layout":"tekst_foto","tekst":"<h3>Farbe der Augen, Haut und Haare<\/h3>\r\nDie DNA-Untersuchung ergab auch die Farbe der Augen, der Haut und der Haare. Damit konnte die physische Anthropologin und Arch\u00e4ologin Maja d\u2019Holossy (Universit\u00e4t Amsterdam) mit der Rekonstruktion der Gesichter beginnen. Die Rekonstruktionen des Mannes und des Jungen waren dank der verf\u00fcgbaren Informationen m\u00f6glich. Beim M\u00e4dchen war eine Rekonstruktion schwierig: in ihrem Fall wurden die verf\u00fcgbaren \u00dcberreste und die biologische Verwandtschaft zum Jungen kombiniert, um zu einer Rekonstruktion zu gelangen.\r\n\r\n&nbsp;","foto":9144}]},"_links":{"self":[{"href":"https:\/\/www.viabelgica.nl\/de\/wp-json\/wp\/v2\/posts\/17307","targetHints":{"allow":["GET"]}}],"collection":[{"href":"https:\/\/www.viabelgica.nl\/de\/wp-json\/wp\/v2\/posts"}],"about":[{"href":"https:\/\/www.viabelgica.nl\/de\/wp-json\/wp\/v2\/types\/post"}],"author":[{"embeddable":true,"href":"https:\/\/www.viabelgica.nl\/de\/wp-json\/wp\/v2\/users\/1"}],"replies":[{"embeddable":true,"href":"https:\/\/www.viabelgica.nl\/de\/wp-json\/wp\/v2\/comments?post=17307"}],"version-history":[{"count":2,"href":"https:\/\/www.viabelgica.nl\/de\/wp-json\/wp\/v2\/posts\/17307\/revisions"}],"predecessor-version":[{"id":17313,"href":"https:\/\/www.viabelgica.nl\/de\/wp-json\/wp\/v2\/posts\/17307\/revisions\/17313"}],"wp:attachment":[{"href":"https:\/\/www.viabelgica.nl\/de\/wp-json\/wp\/v2\/media?parent=17307"}],"wp:term":[{"taxonomy":"category","embeddable":true,"href":"https:\/\/www.viabelgica.nl\/de\/wp-json\/wp\/v2\/categories?post=17307"},{"taxonomy":"post_tag","embeddable":true,"href":"https:\/\/www.viabelgica.nl\/de\/wp-json\/wp\/v2\/tags?post=17307"}],"curies":[{"name":"wp","href":"https:\/\/api.w.org\/{rel}","templated":true}]}}