
{"id":17343,"date":"2020-12-16T15:35:38","date_gmt":"2020-12-16T13:35:38","guid":{"rendered":"https:\/\/www.viabelgica.nl\/wil-laan-brengt-romeinse-keizers-naar-belgica\/"},"modified":"2025-11-17T15:07:29","modified_gmt":"2025-11-17T13:07:29","slug":"wil-laan-brengt-romeinse-keizers-naar-belgica","status":"publish","type":"post","link":"https:\/\/www.viabelgica.nl\/de\/wil-laan-brengt-romeinse-keizers-naar-belgica\/","title":{"rendered":"Wil van der Laan bringt r\u00f6mische Kaiser zur Via Belgica"},"content":{"rendered":"","protected":false},"excerpt":{"rendered":"","protected":false},"author":1,"featured_media":0,"comment_status":"closed","ping_status":"closed","sticky":false,"template":"","format":"standard","meta":{"_acf_changed":false,"inline_featured_image":false,"footnotes":""},"categories":[],"tags":[],"class_list":["post-17343","post","type-post","status-publish","format-standard","hentry"],"acf":{"categorie":null,"afbeelding":9078,"auteur":"Harry Lindelauf","fotografie":"Via Belgica","contentbuilder":[{"acf_fc_layout":"tekst","tekst":"Bildhauer Wil van der Laan arbeitet an einer Serie von Portr\u00e4tk\u00f6pfen von f\u00fcnf ber\u00fchmten r\u00f6mischen Kaisern sowie an einer Reiterstatue von Julius Caesar. Die Skulpturen werden bei Art en Craft in Vroenhoven in Bronze gegossen und im Fr\u00fchjahr 2021 pr\u00e4sentiert. Der K\u00fcnstler hofft auf eine Reise seiner Kunstwerke durch alle Gemeinden S\u00fcdlimburgs entlang der Via Belgica."},{"acf_fc_layout":"tekst_foto","tekst":"Die Portr\u00e4ts zeigen Van der Laans pers\u00f6nliche Eindr\u00fccke der Kaiser. \u201eIch hatte keine Lust, Kopien von bestehenden Skulpturen anzufertigen. Nat\u00fcrlich lasse ich mich von Bildern aus der Vergangenheit leiten, aber auch von dem, was ich \u00fcber einen Kaiser lese. Es ist schwierig, aber zugleich sehr herausfordernd, aus all den Informationen mein eigenes Bild zu schaffen.\u201c\r\n\r\nBronzi dei Dorati\r\n\r\nDie Portr\u00e4tserie hat einen doppelten Ursprung: \u201eIch gehe oft ins Museum Beelden aan Zee in Scheveningen. Dort stehen die Portr\u00e4ts, die Arthur Spronken von der fr\u00fcheren k\u00f6niglichen Familie geschaffen hat. Ich habe noch nie etwas so Sch\u00f6nes gesehen. Zum Beispiel die Skulptur von Prinz Claus. Die Skulptur zeigt \u00c4hnlichkeit, aber man sieht auch, dass dieser Mann es schwer hatte. Eine weitere Inspiration bot Pergola (in den Marken, Italien). Dort sah ich vergoldete Bronze-Reiterstatuen aus r\u00f6mischer Zeit (Bronzi dei Dorati). Wunderbar, so monumental.\u201c","foto":9081},{"acf_fc_layout":"foto_tekst","foto":9084,"tekst":"R\u00f6mischer Legion\u00e4r\r\n\r\nNeben den Ausstellungen bildete ein privater Auftrag den zweiten Ansto\u00df f\u00fcr Wil van der Laan. Man bat ihn, lebensgro\u00dfe Bronzeskulpturen eines r\u00f6mischen Legion\u00e4rs zu schaffen. \u201eDaraufhin begann ich, mich in die r\u00f6mische Kultur zu vertiefen und las die Geschichten \u00fcber die Kaiser. All diese Eindr\u00fccke gingen mir nicht mehr aus dem Kopf und ich suchte nach einem Konzept, in dem ich alles verarbeiten konnte. Dieses Konzept fand ich in der Idee f\u00fcr diese Serie von Portr\u00e4tk\u00f6pfen.\u201c\r\n\r\n\u201eSieh und schaudere\u201c\r\n\r\nDie r\u00f6mische Serie wird bald Portr\u00e4ts von Augustus, Nero, Trajan, Hadrian, Marc Aurel und nat\u00fcrlich Julius Caesar umfassen, \u201eweil mit ihm alles beginnt.\u201c Der Begriff \u201eKaiser\u201c leitet sich von Caesar ab.\r\n\r\nDie Skulpturen von Wil van der Laan, der auch f\u00fcr seinen drei Meter hohen Engel von Maastricht bekannt ist, werden von Texten des Niederlandisten Jan Coumans begleitet. Er formuliert mit Worten seine Sicht auf die Kaiser. \u00dcber den Kaiser und Philosophen Marc Aurel schreibt er zum Beispiel: \u201eWeiser war kein Kaiser. W\u00e4re er nur weiser gewesen.\u201c Und der Text \u00fcber Nero, mehr als hundert Jahre vor Marc Aurel Kaiser, beginnt mit einem Satz von nur drei W\u00f6rtern: \u201eSieh und schaudere.\u201c\r\n\r\n&nbsp;"},{"acf_fc_layout":"tekst_foto","tekst":"Bei den Thermen\r\n\r\nBei diesem Projekt arbeitet Wil van der Laan mit der Gie\u00dferei Art en Craft in Vroenhoven zusammen. \u201eWir teilen die Kosten, auch um zu feiern, dass wir seit drei\u00dfig Jahren zusammenarbeiten.\u201c Er glaubt, die komplette Serie im M\u00e4rz 2021 w\u00e4hrend Pop-up-Ausstellungen in allen Gemeinden entlang der Via Belgica in S\u00fcdlimburg pr\u00e4sentieren zu k\u00f6nnen. F\u00fcr Maastricht hat er bereits eine konkrete Idee: Seine Skulpturen werden bald auf den \u00dcberresten der r\u00f6mischen Thermen auf dem gleichnamigen Platz zwischen Stokstraat, Havenstraat und Plankstraat stehen. Tats\u00e4chlich, mitten im r\u00f6mischen Herzen von Traiectum ad Mosam.","foto":9087}]},"_links":{"self":[{"href":"https:\/\/www.viabelgica.nl\/de\/wp-json\/wp\/v2\/posts\/17343","targetHints":{"allow":["GET"]}}],"collection":[{"href":"https:\/\/www.viabelgica.nl\/de\/wp-json\/wp\/v2\/posts"}],"about":[{"href":"https:\/\/www.viabelgica.nl\/de\/wp-json\/wp\/v2\/types\/post"}],"author":[{"embeddable":true,"href":"https:\/\/www.viabelgica.nl\/de\/wp-json\/wp\/v2\/users\/1"}],"replies":[{"embeddable":true,"href":"https:\/\/www.viabelgica.nl\/de\/wp-json\/wp\/v2\/comments?post=17343"}],"version-history":[{"count":2,"href":"https:\/\/www.viabelgica.nl\/de\/wp-json\/wp\/v2\/posts\/17343\/revisions"}],"predecessor-version":[{"id":17349,"href":"https:\/\/www.viabelgica.nl\/de\/wp-json\/wp\/v2\/posts\/17343\/revisions\/17349"}],"wp:attachment":[{"href":"https:\/\/www.viabelgica.nl\/de\/wp-json\/wp\/v2\/media?parent=17343"}],"wp:term":[{"taxonomy":"category","embeddable":true,"href":"https:\/\/www.viabelgica.nl\/de\/wp-json\/wp\/v2\/categories?post=17343"},{"taxonomy":"post_tag","embeddable":true,"href":"https:\/\/www.viabelgica.nl\/de\/wp-json\/wp\/v2\/tags?post=17343"}],"curies":[{"name":"wp","href":"https:\/\/api.w.org\/{rel}","templated":true}]}}