
{"id":17421,"date":"2020-11-26T14:21:33","date_gmt":"2020-11-26T12:21:33","guid":{"rendered":"https:\/\/www.viabelgica.nl\/kraakt-grote-mysterie-dodecaeder\/"},"modified":"2025-11-17T15:43:12","modified_gmt":"2025-11-17T13:43:12","slug":"kraakt-grote-mysterie-dodecaeder","status":"publish","type":"post","link":"https:\/\/www.viabelgica.nl\/de\/kraakt-grote-mysterie-dodecaeder\/","title":{"rendered":"Wer knackt das gro\u00dfe R\u00e4tsel des Dodekaeders?"},"content":{"rendered":"","protected":false},"excerpt":{"rendered":"","protected":false},"author":1,"featured_media":0,"comment_status":"closed","ping_status":"closed","sticky":false,"template":"","format":"standard","meta":{"_acf_changed":false,"inline_featured_image":false,"footnotes":""},"categories":[],"tags":[],"class_list":["post-17421","post","type-post","status-publish","format-standard","hentry"],"acf":{"categorie":35,"afbeelding":9021,"auteur":"Harry Lindelauf","fotografie":"Via Belgica","contentbuilder":[{"acf_fc_layout":"tekst","tekst":"Zwischen Maastricht-Mari\u00ebnwaard und Rothem wurden entlang der Via Belgica Teile eines besonders r\u00e4tselhaften Objekts mit einem ebenso auff\u00e4lligen Namen gefunden. Es handelt sich um Fragmente eines Dodekaeders aus r\u00f6mischer Zeit, und kein Experte kann beweisen, wof\u00fcr er verwendet wurde.\r\n\r\n&nbsp;"},{"acf_fc_layout":"tekst_foto","tekst":"Was schleppst du denn jetzt wieder an? Schon der Name klingt makaber.\r\n\r\nJa, ich verstehe, was du meinst. Das kommt daher, dass du das Wort \u201edode\u201c erkennst und ihm die niederl\u00e4ndische Bedeutung gibst. Aber der urspr\u00fcnglich griechische Name bezieht sich auf die zw\u00f6lf (dodeka) Fl\u00e4chen (hedron), wobei jede Fl\u00e4che ein F\u00fcnfeck ist. Du kannst also beruhigt sein \u2014 so makaber ist es nicht.\r\n\r\nGut. Aber sag mal, was ist das \u00fcberhaupt?\r\n\r\nDieses Objekt wurde im zweiten oder dritten Jahrhundert aus Bronze gegossen. Bisher wurden etwa 120 Exemplare gefunden, vor allem in England, Frankreich, Deutschland, Belgien und der Schweiz. In den Niederlanden wurden zwei entdeckt: in Elst und in Maastricht bei Rothem entlang der Via Belgica. Der Maastrichter Dodekaeder ist nicht vollst\u00e4ndig; es wurden nur Fragmente gefunden. Ganz in der N\u00e4he kennt man weitere Funde aus Ost-Tongern und Bassenge in der Provinz L\u00fcttich. Beide wurden in einem Gr\u00e4berfeld entdeckt. Dodekaeder sind zwischen 4,5 und 8,5 Zentimetern gro\u00df. Es handelt sich um ein beeindruckendes Gussst\u00fcck mit \u00d6ffnungen in allen Fl\u00e4chen. Bemerkenswert sind auch die kleinen F\u00fc\u00dfchen mit einer winzigen Kugel an jeder Ecke.","foto":9024},{"acf_fc_layout":"foto_tekst","foto":9027,"tekst":"Wof\u00fcr benutzten die R\u00f6mer den Dodekaeder?\r\n\r\nDie kurze Version der Wahrheit? Keine Ahnung. Nat\u00fcrlich wurden sie irgendwann f\u00fcr etwas benutzt, aber seit Jahrhunderten konnte niemand beweisen wof\u00fcr. \u00dcbrigens gehst du einfach davon aus, dass die R\u00f6mer sie benutzt haben \u2014 auch das ist nicht sicher.\r\n\r\nWie das? Sie wurden doch in r\u00f6mischer Zeit hergestellt, in Gebieten, die von den R\u00f6mern besetzt waren?\r\n\r\nJa, das stimmt. Aber das Merkw\u00fcrdige ist, dass s\u00fcdlich der Alpen \u2014 also im \u201eHeimatgebiet\u201c der R\u00f6mer \u2014 nie ein Dodekaeder gefunden wurde."},{"acf_fc_layout":"tekst_foto","tekst":"Wenn es keine r\u00f6mische Erfindung ist, kennt man dann die eigentliche Herkunft?\r\n\r\nDie alten Griechen haben diese \u2014 und andere \u2014 mathematische Formen gezeichnet. Die R\u00f6mer hatten gebildete Gener\u00e4le, f\u00e4hige F\u00fchrer, Architekten und Baumeister. Aber Mathematik war offenbar nicht so ihr Ding. Die Kelten hingegen, die vor den R\u00f6mern in Westeuropa lebten, verf\u00fcgten \u00fcber mathematisches Wissen und nutzten geometrische Figuren als Symbole. Es ist daher gut m\u00f6glich, dass der Dodekaeder nicht so r\u00f6misch ist, wie du denkst.\r\n\r\nDu sagtest gerade, wir h\u00e4tten \u201ekeine Ahnung\u201c, wof\u00fcr dieses Meisterst\u00fcck benutzt wurde. Das kann ich kaum glauben.\r\n\r\nIch meine, dass niemand eine Funktion beweisen konnte. Das l\u00e4sst Platz f\u00fcr eine Flut an Ideen und Spekulationen. Einige Wissenschaftler haben ernsthaft geforscht, andere kommen \u2014 um h\u00f6flich zu bleiben \u2014 mit sehr kreativen Vorschl\u00e4gen.\r\n\r\nNenn mal ein paar\u2026\r\n\r\nEine kleine Auswahl aus einer prall gef\u00fcllten Ideenkiste. Es k\u00f6nnte ein Instrument gewesen sein, um:\r\n<ul>\r\n \t<li>M\u00fcnzen auf die richtige Gr\u00f6\u00dfe zu pr\u00fcfen,<\/li>\r\n \t<li>den Saattermin f\u00fcr Getreide zu berechnen,<\/li>\r\n \t<li>den Abstand zu einem Objekt zu bestimmen,<\/li>\r\n \t<li>Handschuhe zu stricken,<\/li>\r\n \t<li>einen Szepter zu verzieren,<\/li>\r\n \t<li>das Ende einer Keule zu bilden,<\/li>\r\n \t<li>Kerzen zu halten.<\/li>\r\n<\/ul>\r\nehr kreativ. Aber mir fehlt noch eine griechische Variante \u2014 schlie\u00dflich waren die Griechen die Entdecker dieser Form, oder?\r\n\r\nSehr gut bemerkt. Lass uns kurz in die Vergangenheit reisen. Der Mathematiker Hippasos von Metapont war vor etwa 2.500 Jahren der erste, der den Dodekaeder als Form zeichnete. Sein Landsmann Platon entwickelte etwa 100 Jahre sp\u00e4ter die Idee, dass f\u00fcnf geometrische Formen die Elemente der Sch\u00f6pfung darstellen: der Tetraeder f\u00fcr Feuer, der Hexaeder f\u00fcr Erde, der Oktaeder f\u00fcr Luft, der Ikosaeder f\u00fcr Wasser und der Dodekaeder f\u00fcr das Universum bzw. den \u00c4ther.\r\n\r\nDas ist weit entfernt von einem Strick-Hilfsmittel oder Sternenrechner. Und bisher hast du nur die Meinungen anderer genannt. Was denkst du?\r\n\r\nOha, jetzt drehe ich den Bescheidenheits-Hahn ganz auf. Wenn viele brillante K\u00f6pfe dieses r\u00f6mische Rubik-R\u00e4tsel nicht l\u00f6sen konnten, wer bin ich, eine Antwort zu pr\u00e4sentieren?\r\n\r\nDas ist wieder keine Antwort\u2026\r\n\r\nAlso gut, wirklich in aller Bescheidenheit: Ich vermute, dass wir es mit einem Objekt ohne praktischen Nutzen zu tun haben. Nichts zum Messen oder Rechnen \u2014 daf\u00fcr unterscheiden sich die Gr\u00f6\u00dfen der Exemplare zu stark. In Anlehnung an Platons Ideen k\u00f6nnte es sehr gut ein Symbol gewesen sein, das von den Kelten und ihren Nachfahren in r\u00f6mischer Zeit bei Ritualen w\u00e4hrend Beerdigungen verwendet wurde. Bemerkenswert ist, dass der Dodekaeder bis heute als Symbol verwendet wird, unter anderem bei den Freimaurern. Warum ich an Begr\u00e4bnisse denke? Weil mehrere Dodekaeder in Gr\u00e4berfeldern gefunden wurden, zum Beispiel in Tongern und Bassenge. Aber noch einmal: Das ist nur eine Idee eines Amateurs. Wer das R\u00e4tsel wirklich knacken kann, m\u00f6ge die Hand heben \u2014 und danach werde ich bestreiten, jemals etwas \u00fcber die Funktion dieses gro\u00dfen R\u00e4tsels des kleinen Dodekaeders gesagt zu haben.","foto":9030}]},"_links":{"self":[{"href":"https:\/\/www.viabelgica.nl\/de\/wp-json\/wp\/v2\/posts\/17421","targetHints":{"allow":["GET"]}}],"collection":[{"href":"https:\/\/www.viabelgica.nl\/de\/wp-json\/wp\/v2\/posts"}],"about":[{"href":"https:\/\/www.viabelgica.nl\/de\/wp-json\/wp\/v2\/types\/post"}],"author":[{"embeddable":true,"href":"https:\/\/www.viabelgica.nl\/de\/wp-json\/wp\/v2\/users\/1"}],"replies":[{"embeddable":true,"href":"https:\/\/www.viabelgica.nl\/de\/wp-json\/wp\/v2\/comments?post=17421"}],"version-history":[{"count":2,"href":"https:\/\/www.viabelgica.nl\/de\/wp-json\/wp\/v2\/posts\/17421\/revisions"}],"predecessor-version":[{"id":17427,"href":"https:\/\/www.viabelgica.nl\/de\/wp-json\/wp\/v2\/posts\/17421\/revisions\/17427"}],"acf:term":[{"embeddable":true,"taxonomy":"category","href":"https:\/\/www.viabelgica.nl\/de\/wp-json\/wp\/v2\/categories\/35"}],"wp:attachment":[{"href":"https:\/\/www.viabelgica.nl\/de\/wp-json\/wp\/v2\/media?parent=17421"}],"wp:term":[{"taxonomy":"category","embeddable":true,"href":"https:\/\/www.viabelgica.nl\/de\/wp-json\/wp\/v2\/categories?post=17421"},{"taxonomy":"post_tag","embeddable":true,"href":"https:\/\/www.viabelgica.nl\/de\/wp-json\/wp\/v2\/tags?post=17421"}],"curies":[{"name":"wp","href":"https:\/\/api.w.org\/{rel}","templated":true}]}}