
{"id":17433,"date":"2020-10-19T10:26:03","date_gmt":"2020-10-19T08:26:03","guid":{"rendered":"https:\/\/www.viabelgica.nl\/bocholtz-omarmt-romeins-verleden\/"},"modified":"2025-11-17T15:48:46","modified_gmt":"2025-11-17T13:48:46","slug":"bocholtz-omarmt-romeins-verleden","status":"publish","type":"post","link":"https:\/\/www.viabelgica.nl\/de\/bocholtz-omarmt-romeins-verleden\/","title":{"rendered":"Bocholtz umarmt die r\u00f6mische Vergangenheit"},"content":{"rendered":"","protected":false},"excerpt":{"rendered":"","protected":false},"author":1,"featured_media":0,"comment_status":"closed","ping_status":"closed","sticky":false,"template":"","format":"standard","meta":{"_acf_changed":false,"inline_featured_image":false,"footnotes":""},"categories":[],"tags":[],"class_list":["post-17433","post","type-post","status-publish","format-standard","hentry"],"acf":{"categorie":35,"afbeelding":9015,"auteur":"Viastory","fotografie":"","contentbuilder":[{"acf_fc_layout":"tekst","tekst":"Die Villen im r\u00f6mischen Tal des Dorfes hatten es bereits bewiesen: Die R\u00f6mer f\u00fchlten sich in Bocholtz wohl. Das darf jeder wissen, findet Roger Scheren, Fachberater f\u00fcr Lebensumfeld in der Gemeinde Simpelveld. Beim Umbau des Dorfzentrums wird der r\u00f6mischen Geschichte daher besondere Aufmerksamkeit geschenkt."},{"acf_fc_layout":"tekst_quote","tekst":"Das Zentrum von Bocholtz wird umgestaltet. Wo heute Parkpl\u00e4tze das Bild der Wilhelminastraat bestimmen, werden k\u00fcnftig Gr\u00fcnfl\u00e4chen und Terrassen entstehen. \u201eBei der Ausf\u00fchrung werden wir viel mit Kunrader Stein arbeiten\u201c, sagt Scheren. \u201eEs kommen Cortenstahl-Skulpturen und ein r\u00f6mischer Speer, wie wir ihn auch an anderen Orten als Hinweis auf die r\u00f6mische Vergangenheit einsetzen. Und vor dem alten Rathaus wird eine Via-Belgica-Bank aufgestellt.\u201c\r\n\r\nDas ehemalige Rathaus wird wieder in seinen urspr\u00fcnglichen Glanz versetzt. Die Treppenanlage am Eingang wird wie fr\u00fcher gestaltet und ein neues T\u00fcrmchen wird, wie einst, das Dach kr\u00f6nen. Auch die angrenzenden Stra\u00dfen werden in die Pl\u00e4ne einbezogen. \u201eWir machen eine Runde um die Kirche\u201c, lacht Scheren. \u201eEs soll ein lebendiger Ort werden, an dem man sich gerne aufh\u00e4lt.\u201c","quote":"Es soll ein lebendiger Ort werden, an dem man sich gerne aufh\u00e4lt.","naam":"Roger Scheren"},{"acf_fc_layout":"foto_tekst","foto":9009,"tekst":"Regenwasser\r\n\r\nEin kleines Wasser\u00adrinnsal durch das Zentrum (vergleichbar mit dem Rinnsal auf dem Foto nebenan) spielt auf die r\u00f6mischen Wasserwege an. Damit das Rinnsal gespeist wird, kn\u00fcpfen die Pl\u00e4ne klug an eine andere Entwicklung an: die Entkopplung von Wohngebieten vom Regenwasserkanal. Die Gemeinde hat damit im Simpelveldse Huls-Gebiet Erfahrung gesammelt. Dieses Wissen wird bald im Bocholtzer Ortsteil Vlengendaal eingesetzt.\r\n\r\n\u201eEs ist schade, Regenwasser \u00fcber die Kanalisation ablaufen zu lassen\u201c, erkl\u00e4rt Scheren. Daher entscheidet sich die Gemeinde zunehmend f\u00fcr ein System, bei dem Regenwasser in Becken gesammelt wird. Aus den Becken in Vlengendaal wird das Wasser bald durch das Rinnsal in der Wilhelminastraat flie\u00dfen und Bewohner und Besucher an vergangene Zeiten erinnern."},{"acf_fc_layout":"tekst_quote","tekst":"Hotspot\r\n\r\nEine r\u00f6mische S\u00e4ule mit passender Vase, entworfen von der geb\u00fcrtigen Bocholtzern Tanja Ritterbex, wird bald dieselbe Funktion vom Viadukt an der Bocholtzerweg aus \u00fcbernehmen. Die S\u00e4ule wird ein weithin sichtbares Wahrzeichen sein und Autofahrer auf die lange Geschichte des Dorfes aufmerksam machen. Hoffentlich verf\u00fchrt sie die Menschen dazu, aus dem Auto auszusteigen und sich auf eine Terrasse zu setzen. Oder aufs Fahrrad zu steigen, denn die Kalkbaan verl\u00e4uft direkt durch das Dorfzentrum.\r\n\r\nWer jetzt schon Lust auf ein Bier auf der Terrasse bekommt, muss sich noch etwas gedulden. Im Moment arbeitet die Gemeinde an der Fertigstellung des Leistungsverzeichnisses und der Ausschreibung. \u201eEin solches Projekt ist etwas f\u00fcr den langen Atem\u201c, gibt Scheren zu. \u201eDas ist manchmal frustrierend, weil die Bewohner nichts passieren sehen.\u201c Mit etwas Gl\u00fcck wird all das Warten bald belohnt. Scheren lachend: \u201eF\u00fcr uns wird das ein Hotspot!\u201c\r\n\r\n&nbsp;","quote":"F\u00fcr uns wird das ein Hotspot!","naam":"Roger Scheren"}]},"_links":{"self":[{"href":"https:\/\/www.viabelgica.nl\/de\/wp-json\/wp\/v2\/posts\/17433","targetHints":{"allow":["GET"]}}],"collection":[{"href":"https:\/\/www.viabelgica.nl\/de\/wp-json\/wp\/v2\/posts"}],"about":[{"href":"https:\/\/www.viabelgica.nl\/de\/wp-json\/wp\/v2\/types\/post"}],"author":[{"embeddable":true,"href":"https:\/\/www.viabelgica.nl\/de\/wp-json\/wp\/v2\/users\/1"}],"replies":[{"embeddable":true,"href":"https:\/\/www.viabelgica.nl\/de\/wp-json\/wp\/v2\/comments?post=17433"}],"version-history":[{"count":2,"href":"https:\/\/www.viabelgica.nl\/de\/wp-json\/wp\/v2\/posts\/17433\/revisions"}],"predecessor-version":[{"id":17440,"href":"https:\/\/www.viabelgica.nl\/de\/wp-json\/wp\/v2\/posts\/17433\/revisions\/17440"}],"acf:term":[{"embeddable":true,"taxonomy":"category","href":"https:\/\/www.viabelgica.nl\/de\/wp-json\/wp\/v2\/categories\/35"}],"wp:attachment":[{"href":"https:\/\/www.viabelgica.nl\/de\/wp-json\/wp\/v2\/media?parent=17433"}],"wp:term":[{"taxonomy":"category","embeddable":true,"href":"https:\/\/www.viabelgica.nl\/de\/wp-json\/wp\/v2\/categories?post=17433"},{"taxonomy":"post_tag","embeddable":true,"href":"https:\/\/www.viabelgica.nl\/de\/wp-json\/wp\/v2\/tags?post=17433"}],"curies":[{"name":"wp","href":"https:\/\/api.w.org\/{rel}","templated":true}]}}