
{"id":17458,"date":"2020-09-24T13:15:31","date_gmt":"2020-09-24T11:15:31","guid":{"rendered":"https:\/\/www.viabelgica.nl\/belgica-bank-aan-kanjelbeek-onthuld\/"},"modified":"2025-11-17T16:00:53","modified_gmt":"2025-11-17T14:00:53","slug":"belgica-bank-aan-kanjelbeek-onthuld","status":"publish","type":"post","link":"https:\/\/www.viabelgica.nl\/de\/belgica-bank-aan-kanjelbeek-onthuld\/","title":{"rendered":"Via-Belgica-Bank am Kanjelbeek enth\u00fcllt"},"content":{"rendered":"","protected":false},"excerpt":{"rendered":"","protected":false},"author":1,"featured_media":0,"comment_status":"closed","ping_status":"closed","sticky":false,"template":"","format":"standard","meta":{"_acf_changed":false,"inline_featured_image":false,"footnotes":""},"categories":[],"tags":[],"class_list":["post-17458","post","type-post","status-publish","format-standard","hentry"],"acf":{"categorie":1,"afbeelding":8985,"auteur":"Via Belgica","fotografie":"Philip Driessen","contentbuilder":[{"acf_fc_layout":"tekst","tekst":"Am Donnerstag, dem 24. September, wurde an der Meerssenerweg in Maastricht die siebte Via-Belgica-Bank enth\u00fcllt. Die Bank vermittelt Einblicke darin, wie die R\u00f6mer in unserer Region lebten und in welchem Ma\u00dfe sie die heutige Landschaft gepr\u00e4gt haben. Die Enth\u00fcllung wurde von Beigeordnetem Gert-Jan Krabbendam und Provinzabgeordnetem Ruud Burlet vorgenommen."},{"acf_fc_layout":"tekst_foto","tekst":"Die Via-Belgica-Bank befindet sich an der Kreuzung mit der Groene Loper, gegen\u00fcber der Villa Kanjel. In r\u00f6mischer Zeit befand sich hier eine Stra\u00dfenrastst\u00e4tte, in der Reisende Speisen und Getr\u00e4nke erhalten konnten. Au\u00dferdem wurde ein Teil eines r\u00f6mischen Villenkomplexes entdeckt, der Einblicke in den Luxus und Reichtum der damaligen Bewohner bietet. Ruud Burlet, Abgeordneter der Provinz Limburg und Vorsitzender des Via-Belgica-Lenkungsausschusses: \u201eEs ist sch\u00f6n zu sehen, welche Schritte wir gemeinsam unternehmen, um die r\u00f6mische Vergangenheit wieder lebendig werden zu lassen. Durch moderne Kommunikation, wie eine VR-Brille oder eine App, aber nat\u00fcrlich auch, indem man die Via-Belgica-Route selbst erwandert. All dies tr\u00e4gt zu einem wachsenden Bewusstsein bei Jung und Alt bei, dass die Vergangenheit auch heute noch eine Rolle spielt. Auch dieser Ort am Kanjelbeek l\u00e4dt dazu ein, innezuhalten. Genau das wollen wir mit dem Via-Belgica-Projekt erreichen.\u201c","foto":8976},{"acf_fc_layout":"foto_tekst","foto":8982,"tekst":"Das Thema der Bank ist die r\u00f6mische Kulturlandschaft und die Via Belgica im l\u00e4ndlichen Raum. Aufgrund der feuchten Umgebung in unmittelbarer N\u00e4he des Kanjelbeek errichteten die r\u00f6mischen Pioniertruppen hier einen Damm, auf dem die Stra\u00dfe angelegt wurde. Der genaue Verlauf der Via Belgica konnte vor einigen Jahren durch das A2-Projekt bestimmt werden. So wissen wir, dass sie gr\u00f6\u00dftenteils vom Verlauf der heutigen Meerssenerweg \u00fcbernommen wurde und was sich alles entlang der Stra\u00dfe abgespielt hat.\r\n\r\nBeigeordneter Gert-Jan Krabbendam, zust\u00e4ndig f\u00fcr Arch\u00e4ologie, bezeichnete das neue M\u00f6belst\u00fcck als \u201eein neues Glied in der Kette von Informationsb\u00e4nken\u201c im r\u00f6mischen S\u00fcd-Limburg. \u201eEs ist manchmal schwierig, sich vorzustellen, wie die Welt unserer Vorfahren vor Jahrhunderten aussah, aber die Stadt Maastricht m\u00f6chte diese Erfahrung unseren Besuchern und Einwohnern bieten\u201c, sagte Krabbendam. \u201eMit Bildern und Geschichten machen wir unsere Vergangenheit wieder lebendig.\u201c Die B\u00e4nke stehen an markanten Orten in der Landschaft, die alle eine eigene Geschichte zu erz\u00e4hlen haben. Das M\u00f6belst\u00fcck wurde vom Landschaftsarchitekten Barry Kerckhoffs (B\u00fcro Verbeek) entworfen. Die Texte auf den Informationstafeln stammen von Kris F\u00f6rster."}]},"_links":{"self":[{"href":"https:\/\/www.viabelgica.nl\/de\/wp-json\/wp\/v2\/posts\/17458","targetHints":{"allow":["GET"]}}],"collection":[{"href":"https:\/\/www.viabelgica.nl\/de\/wp-json\/wp\/v2\/posts"}],"about":[{"href":"https:\/\/www.viabelgica.nl\/de\/wp-json\/wp\/v2\/types\/post"}],"author":[{"embeddable":true,"href":"https:\/\/www.viabelgica.nl\/de\/wp-json\/wp\/v2\/users\/1"}],"replies":[{"embeddable":true,"href":"https:\/\/www.viabelgica.nl\/de\/wp-json\/wp\/v2\/comments?post=17458"}],"version-history":[{"count":2,"href":"https:\/\/www.viabelgica.nl\/de\/wp-json\/wp\/v2\/posts\/17458\/revisions"}],"predecessor-version":[{"id":17464,"href":"https:\/\/www.viabelgica.nl\/de\/wp-json\/wp\/v2\/posts\/17458\/revisions\/17464"}],"wp:attachment":[{"href":"https:\/\/www.viabelgica.nl\/de\/wp-json\/wp\/v2\/media?parent=17458"}],"wp:term":[{"taxonomy":"category","embeddable":true,"href":"https:\/\/www.viabelgica.nl\/de\/wp-json\/wp\/v2\/categories?post=17458"},{"taxonomy":"post_tag","embeddable":true,"href":"https:\/\/www.viabelgica.nl\/de\/wp-json\/wp\/v2\/tags?post=17458"}],"curies":[{"name":"wp","href":"https:\/\/api.w.org\/{rel}","templated":true}]}}