
{"id":17494,"date":"2020-09-07T13:15:19","date_gmt":"2020-09-07T11:15:19","guid":{"rendered":"https:\/\/www.viabelgica.nl\/terugkijken-l1-schatten-belgica-aflevering-7-maastricht\/"},"modified":"2025-11-17T22:00:04","modified_gmt":"2025-11-17T20:00:04","slug":"terugkijken-l1-schatten-belgica-aflevering-7-maastricht","status":"publish","type":"post","link":"https:\/\/www.viabelgica.nl\/de\/terugkijken-l1-schatten-belgica-aflevering-7-maastricht\/","title":{"rendered":"R\u00dcCKBLICK \u2013 L1 \u201eSch\u00e4tze der Via Belgica\u201c Folge 7 \u2013 Maastricht"},"content":{"rendered":"","protected":false},"excerpt":{"rendered":"","protected":false},"author":1,"featured_media":0,"comment_status":"closed","ping_status":"closed","sticky":false,"template":"","format":"standard","meta":{"_acf_changed":false,"inline_featured_image":false,"footnotes":""},"categories":[],"tags":[],"class_list":["post-17494","post","type-post","status-publish","format-standard","hentry"],"acf":{"categorie":38,"afbeelding":8862,"auteur":"Via Belgica","fotografie":"Via Belgica","contentbuilder":[{"acf_fc_layout":"video_embed","embedcode":"<iframe src=\"https:\/\/player.vimeo.com\/video\/451454139\" width=\"640\" height=\"360\" frameborder=\"0\" allow=\"autoplay; fullscreen\" allowfullscreen><\/iframe>"},{"acf_fc_layout":"tekst","tekst":"Ob Maastricht die \u00e4lteste Stadt der Niederlande ist, dar\u00fcber werden wir keine Diskussion f\u00fchren, aber sicher ist, dass die R\u00f6mer hier ihre Spuren hinterlassen haben. In dieser Folge folgen wir ihnen auf einem Spaziergang durch Mosa Trajectum. Und wusstest du, dass es fr\u00fche und sp\u00e4te R\u00f6mer gab? R\u00f6merkenner Jos erkl\u00e4rt uns alles \u00fcber den Unterschied. Auf der Speisekarte dieser Folge: r\u00f6mische Puls mit Sommergem\u00fcse, ein Rezept von Chefkoch Tim Feijs aus dem Hotel Derlon.\r\n\r\n&nbsp;"}]},"_links":{"self":[{"href":"https:\/\/www.viabelgica.nl\/de\/wp-json\/wp\/v2\/posts\/17494","targetHints":{"allow":["GET"]}}],"collection":[{"href":"https:\/\/www.viabelgica.nl\/de\/wp-json\/wp\/v2\/posts"}],"about":[{"href":"https:\/\/www.viabelgica.nl\/de\/wp-json\/wp\/v2\/types\/post"}],"author":[{"embeddable":true,"href":"https:\/\/www.viabelgica.nl\/de\/wp-json\/wp\/v2\/users\/1"}],"replies":[{"embeddable":true,"href":"https:\/\/www.viabelgica.nl\/de\/wp-json\/wp\/v2\/comments?post=17494"}],"version-history":[{"count":2,"href":"https:\/\/www.viabelgica.nl\/de\/wp-json\/wp\/v2\/posts\/17494\/revisions"}],"predecessor-version":[{"id":17500,"href":"https:\/\/www.viabelgica.nl\/de\/wp-json\/wp\/v2\/posts\/17494\/revisions\/17500"}],"acf:term":[{"embeddable":true,"taxonomy":"category","href":"https:\/\/www.viabelgica.nl\/de\/wp-json\/wp\/v2\/categories\/38"}],"wp:attachment":[{"href":"https:\/\/www.viabelgica.nl\/de\/wp-json\/wp\/v2\/media?parent=17494"}],"wp:term":[{"taxonomy":"category","embeddable":true,"href":"https:\/\/www.viabelgica.nl\/de\/wp-json\/wp\/v2\/categories?post=17494"},{"taxonomy":"post_tag","embeddable":true,"href":"https:\/\/www.viabelgica.nl\/de\/wp-json\/wp\/v2\/tags?post=17494"}],"curies":[{"name":"wp","href":"https:\/\/api.w.org\/{rel}","templated":true}]}}