
{"id":17506,"date":"2020-09-01T11:32:01","date_gmt":"2020-09-01T09:32:01","guid":{"rendered":"https:\/\/www.viabelgica.nl\/terugkijken-l1-schatten-belgica-aflevering-6-meerssen\/"},"modified":"2025-11-17T22:02:12","modified_gmt":"2025-11-17T20:02:12","slug":"terugkijken-l1-schatten-belgica-aflevering-6-meerssen","status":"publish","type":"post","link":"https:\/\/www.viabelgica.nl\/de\/terugkijken-l1-schatten-belgica-aflevering-6-meerssen\/","title":{"rendered":"R\u00dcCKBLICK \u2013 L1 \u201eSch\u00e4tze der Via Belgica\u201c Folge 6 \u2013 Meerssen"},"content":{"rendered":"","protected":false},"excerpt":{"rendered":"","protected":false},"author":1,"featured_media":0,"comment_status":"closed","ping_status":"closed","sticky":false,"template":"","format":"standard","meta":{"_acf_changed":false,"inline_featured_image":false,"footnotes":""},"categories":[],"tags":[],"class_list":["post-17506","post","type-post","status-publish","format-standard","hentry"],"acf":{"categorie":38,"afbeelding":8862,"auteur":"Via Belgica","fotografie":"Via Belgica","contentbuilder":[{"acf_fc_layout":"tekst","tekst":"In Meerssen liegt ein ganz gew\u00f6hnliches Ackerfeld \u2014 zumindest wirkt es so. Denn wenn man genauer hinschaut, findet man dort noch St\u00fccke r\u00f6mischer Dachziegel. Kein Wunder, wenn man bedenkt, dass hier einst eine riesige Villa stand. In dieser Folge machen wir uns auf die Suche danach. Und wie sorgte man als R\u00f6mer daf\u00fcr, dass man p\u00fcnktlich war? Wir fragen unseren R\u00f6mer-Experten. Wei\u00dft du, was die Verbindung zwischen einem k\u00f6stlichen St\u00fcck Limburger Kirschkuchen und den R\u00f6mern ist? Frank van Eerd von der Bisschopsmolen in Maastricht erz\u00e4hlt uns alles dar\u00fcber."},{"acf_fc_layout":"video_embed","embedcode":"<iframe src=\"https:\/\/player.vimeo.com\/video\/451443743\" width=\"640\" height=\"360\" frameborder=\"0\" allow=\"autoplay; fullscreen\" allowfullscreen><\/iframe>"}]},"_links":{"self":[{"href":"https:\/\/www.viabelgica.nl\/de\/wp-json\/wp\/v2\/posts\/17506","targetHints":{"allow":["GET"]}}],"collection":[{"href":"https:\/\/www.viabelgica.nl\/de\/wp-json\/wp\/v2\/posts"}],"about":[{"href":"https:\/\/www.viabelgica.nl\/de\/wp-json\/wp\/v2\/types\/post"}],"author":[{"embeddable":true,"href":"https:\/\/www.viabelgica.nl\/de\/wp-json\/wp\/v2\/users\/1"}],"replies":[{"embeddable":true,"href":"https:\/\/www.viabelgica.nl\/de\/wp-json\/wp\/v2\/comments?post=17506"}],"version-history":[{"count":1,"href":"https:\/\/www.viabelgica.nl\/de\/wp-json\/wp\/v2\/posts\/17506\/revisions"}],"predecessor-version":[{"id":17508,"href":"https:\/\/www.viabelgica.nl\/de\/wp-json\/wp\/v2\/posts\/17506\/revisions\/17508"}],"acf:term":[{"embeddable":true,"taxonomy":"category","href":"https:\/\/www.viabelgica.nl\/de\/wp-json\/wp\/v2\/categories\/38"}],"wp:attachment":[{"href":"https:\/\/www.viabelgica.nl\/de\/wp-json\/wp\/v2\/media?parent=17506"}],"wp:term":[{"taxonomy":"category","embeddable":true,"href":"https:\/\/www.viabelgica.nl\/de\/wp-json\/wp\/v2\/categories?post=17506"},{"taxonomy":"post_tag","embeddable":true,"href":"https:\/\/www.viabelgica.nl\/de\/wp-json\/wp\/v2\/tags?post=17506"}],"curies":[{"name":"wp","href":"https:\/\/api.w.org\/{rel}","templated":true}]}}