
{"id":17516,"date":"2020-08-25T11:57:33","date_gmt":"2020-08-25T09:57:33","guid":{"rendered":"https:\/\/www.viabelgica.nl\/terugkijken-l1-schatten-belgica-aflevering-5-valkenburg\/"},"modified":"2025-11-17T22:04:07","modified_gmt":"2025-11-17T20:04:07","slug":"terugkijken-l1-schatten-belgica-aflevering-5-valkenburg","status":"publish","type":"post","link":"https:\/\/www.viabelgica.nl\/de\/terugkijken-l1-schatten-belgica-aflevering-5-valkenburg\/","title":{"rendered":"R\u00dcCKBLICK \u2013 L1 \u201eSch\u00e4tze der Via Belgica\u201c Folge 5 \u2013 Valkenburg"},"content":{"rendered":"","protected":false},"excerpt":{"rendered":"","protected":false},"author":1,"featured_media":0,"comment_status":"closed","ping_status":"closed","sticky":false,"template":"","format":"standard","meta":{"_acf_changed":false,"inline_featured_image":false,"footnotes":""},"categories":[],"tags":[],"class_list":["post-17516","post","type-post","status-publish","format-standard","hentry"],"acf":{"categorie":38,"afbeelding":8862,"auteur":"Via Belgica","fotografie":"Via Belgica","contentbuilder":[{"acf_fc_layout":"tekst","tekst":"In dieser Folge suchen wir in Valkenburg nach dem Ort, an dem einst ein r\u00f6mischer Wachturm stand, und wir steigen unter die Erde hinab zu den R\u00f6mischen Katakomben. \u201eWer schreibt, der bleibt!\u201c \u2014 das hatten die R\u00f6mer bereits gut verstanden. Wie, womit und warum sie schrieben, erkl\u00e4rt uns ausf\u00fchrlich der R\u00f6mer-Experte Jos Cremers. Au\u00dferdem kochen und probieren wir wieder nach r\u00f6mischer Art, dieses Mal mit einem r\u00f6mischen Gericht von Otto Nijenhuis, K\u00fcchenchef von Ch\u00e2teau St. Gerlach: Lammragout mit Perlgraupen."},{"acf_fc_layout":"video_embed","embedcode":"<iframe src=\"https:\/\/player.vimeo.com\/video\/451422112\" width=\"640\" height=\"360\" frameborder=\"0\" allow=\"autoplay; fullscreen\" allowfullscreen><\/iframe>"}]},"_links":{"self":[{"href":"https:\/\/www.viabelgica.nl\/de\/wp-json\/wp\/v2\/posts\/17516","targetHints":{"allow":["GET"]}}],"collection":[{"href":"https:\/\/www.viabelgica.nl\/de\/wp-json\/wp\/v2\/posts"}],"about":[{"href":"https:\/\/www.viabelgica.nl\/de\/wp-json\/wp\/v2\/types\/post"}],"author":[{"embeddable":true,"href":"https:\/\/www.viabelgica.nl\/de\/wp-json\/wp\/v2\/users\/1"}],"replies":[{"embeddable":true,"href":"https:\/\/www.viabelgica.nl\/de\/wp-json\/wp\/v2\/comments?post=17516"}],"version-history":[{"count":1,"href":"https:\/\/www.viabelgica.nl\/de\/wp-json\/wp\/v2\/posts\/17516\/revisions"}],"predecessor-version":[{"id":17519,"href":"https:\/\/www.viabelgica.nl\/de\/wp-json\/wp\/v2\/posts\/17516\/revisions\/17519"}],"acf:term":[{"embeddable":true,"taxonomy":"category","href":"https:\/\/www.viabelgica.nl\/de\/wp-json\/wp\/v2\/categories\/38"}],"wp:attachment":[{"href":"https:\/\/www.viabelgica.nl\/de\/wp-json\/wp\/v2\/media?parent=17516"}],"wp:term":[{"taxonomy":"category","embeddable":true,"href":"https:\/\/www.viabelgica.nl\/de\/wp-json\/wp\/v2\/categories?post=17516"},{"taxonomy":"post_tag","embeddable":true,"href":"https:\/\/www.viabelgica.nl\/de\/wp-json\/wp\/v2\/tags?post=17516"}],"curies":[{"name":"wp","href":"https:\/\/api.w.org\/{rel}","templated":true}]}}