
{"id":17526,"date":"2020-07-31T12:05:03","date_gmt":"2020-07-31T10:05:03","guid":{"rendered":"https:\/\/www.viabelgica.nl\/terugkijken-l1-schatten-belgica-aflevering-4-voerendaal\/"},"modified":"2025-11-17T22:05:56","modified_gmt":"2025-11-17T20:05:56","slug":"terugkijken-l1-schatten-belgica-aflevering-4-voerendaal","status":"publish","type":"post","link":"https:\/\/www.viabelgica.nl\/de\/terugkijken-l1-schatten-belgica-aflevering-4-voerendaal\/","title":{"rendered":"R\u00dcCKBLICK \u2013 L1 \u201eSch\u00e4tze der Via Belgica\u201c Folge 4 \u2013 Voerendaal"},"content":{"rendered":"","protected":false},"excerpt":{"rendered":"","protected":false},"author":1,"featured_media":0,"comment_status":"closed","ping_status":"closed","sticky":false,"template":"","format":"standard","meta":{"_acf_changed":false,"inline_featured_image":false,"footnotes":""},"categories":[],"tags":[],"class_list":["post-17526","post","type-post","status-publish","format-standard","hentry"],"acf":{"categorie":38,"afbeelding":8862,"auteur":"Via Belgica","fotografie":"Via Belgica","contentbuilder":[{"acf_fc_layout":"tekst","tekst":"F\u00fcr den gesamten Verlauf der Via Belgica wissen wir ungef\u00e4hr, wie und wo sie verlief. In Voerendaal jedoch wissen wir es ganz genau. Warum? Das sehen wir in dieser Folge. Au\u00dferdem erfahren wir, wie schwer es f\u00fcr einen r\u00f6mischen General war, in einem eisernen Harnisch k\u00e4mpfen zu m\u00fcssen. Und zu gutem Essen geh\u00f6rt ein gutes Glas Wein \u2014 so dachten auch die R\u00f6mer. Deshalb werden wir Wein verkosten, auf r\u00f6mische Art."},{"acf_fc_layout":"video_embed","embedcode":"<iframe src=\"https:\/\/player.vimeo.com\/video\/443345293\" width=\"640\" height=\"360\" frameborder=\"0\" allow=\"autoplay; fullscreen\" allowfullscreen><\/iframe>"}]},"_links":{"self":[{"href":"https:\/\/www.viabelgica.nl\/de\/wp-json\/wp\/v2\/posts\/17526","targetHints":{"allow":["GET"]}}],"collection":[{"href":"https:\/\/www.viabelgica.nl\/de\/wp-json\/wp\/v2\/posts"}],"about":[{"href":"https:\/\/www.viabelgica.nl\/de\/wp-json\/wp\/v2\/types\/post"}],"author":[{"embeddable":true,"href":"https:\/\/www.viabelgica.nl\/de\/wp-json\/wp\/v2\/users\/1"}],"replies":[{"embeddable":true,"href":"https:\/\/www.viabelgica.nl\/de\/wp-json\/wp\/v2\/comments?post=17526"}],"version-history":[{"count":1,"href":"https:\/\/www.viabelgica.nl\/de\/wp-json\/wp\/v2\/posts\/17526\/revisions"}],"predecessor-version":[{"id":17528,"href":"https:\/\/www.viabelgica.nl\/de\/wp-json\/wp\/v2\/posts\/17526\/revisions\/17528"}],"acf:term":[{"embeddable":true,"taxonomy":"category","href":"https:\/\/www.viabelgica.nl\/de\/wp-json\/wp\/v2\/categories\/38"}],"wp:attachment":[{"href":"https:\/\/www.viabelgica.nl\/de\/wp-json\/wp\/v2\/media?parent=17526"}],"wp:term":[{"taxonomy":"category","embeddable":true,"href":"https:\/\/www.viabelgica.nl\/de\/wp-json\/wp\/v2\/categories?post=17526"},{"taxonomy":"post_tag","embeddable":true,"href":"https:\/\/www.viabelgica.nl\/de\/wp-json\/wp\/v2\/tags?post=17526"}],"curies":[{"name":"wp","href":"https:\/\/api.w.org\/{rel}","templated":true}]}}