
{"id":17570,"date":"2020-07-22T09:37:18","date_gmt":"2020-07-22T07:37:18","guid":{"rendered":"https:\/\/www.viabelgica.nl\/duikers-controleren-toestand-wieg-maastricht\/"},"modified":"2025-11-17T22:30:46","modified_gmt":"2025-11-17T20:30:46","slug":"duikers-controleren-toestand-wieg-maastricht","status":"publish","type":"post","link":"https:\/\/www.viabelgica.nl\/de\/duikers-controleren-toestand-wieg-maastricht\/","title":{"rendered":"Taucher \u00fcberpr\u00fcfen Zustand der \u201eWiege von Maastricht\u201c"},"content":{"rendered":"","protected":false},"excerpt":{"rendered":"","protected":false},"author":1,"featured_media":0,"comment_status":"closed","ping_status":"closed","sticky":false,"template":"","format":"standard","meta":{"_acf_changed":false,"inline_featured_image":false,"footnotes":""},"categories":[],"tags":[],"class_list":["post-17570","post","type-post","status-publish","format-standard","hentry"],"acf":{"categorie":35,"afbeelding":8904,"auteur":"Harry Lindelauf","fotografie":"Laurens Bouvrie","contentbuilder":[{"acf_fc_layout":"tekst","tekst":"Taucher von Mergor in Mosam haben am Samstag, dem 18. Juli, die Reste der r\u00f6mischen Br\u00fccke in Maastricht auf Sch\u00e4den kontrolliert. Unter der Leitung des Stadtarch\u00e4ologen Gilbert Soeters wurde au\u00dferdem ein neu entdeckter Rahmen aus schweren Holzbalken untersucht. Dieser Rahmen liegt in einer anderen Ausrichtung als die \u00fcbrigen Reste."},{"acf_fc_layout":"tekst_foto","tekst":"Bei den Resten handelt es sich um Holzbalken (einige bis zu 7 Meter lang) oder Pf\u00e4hle sowie bearbeitete Natursteine, die \u00fcber eine Fl\u00e4che von etwa 3.000 Quadratmetern verstreut liegen. Die Br\u00fcckenreste befinden sich etwa 100 Meter s\u00fcdlich der Sint-Servaas-Br\u00fccke. Der Streifen mit den Resten reicht vom Ufer auf der Stadtseite bis ungef\u00e4hr zwei Drittel der Maas in Richtung Wyck. Arch\u00e4ologen gehen von mindestens drei bis vier (m\u00f6glicherweise sogar noch mehr) Phasen r\u00f6mischen Br\u00fcckenbaus in der Maas aus. Diese Erkenntnis basiert auf der Datierung von Holzresten anhand der Jahresringe. Am Samstag wurde au\u00dferdem eine Probe eines Balkens genommen, der durch Erosion verloren zu gehen drohte. Die Funde fr\u00fcherer Untersuchungen deuten darauf hin, dass die R\u00f6mer zwischen dem 1. und dem 4. Jahrhundert in Maastricht mehrere Br\u00fccken gebaut haben m\u00fcssen, jeweils wegen des Verfalls der bestehenden Br\u00fccke. In der Ank\u00fcndigung des Taucheinsatzes wird die r\u00f6mische Br\u00fccke als Wiege der Stadt bezeichnet: \u201eOhne Br\u00fccke w\u00e4re Maastricht in r\u00f6mischer Zeit niemals gegr\u00fcndet worden.\u201c","foto":8901},{"acf_fc_layout":"foto_tekst","foto":8898,"tekst":"Messsystem\r\nUnter guten Bedingungen konnten die beiden Taucher von Mergor in Mosam am Samstag arbeiten. Auf dem Grund der Maas betrug die Sichtweite noch etwa einen Meter, und es gab nahezu keine Str\u00f6mung. Zus\u00e4tzlich zur Kontrolle auf Erosion wurde ein neues Messsystem installiert. Dabei wurden die neuen Dalben genutzt, die Anfang des Jahres f\u00fcr Kreuzfahrtschiffe gesetzt wurden."},{"acf_fc_layout":"tekst_foto","tekst":"Baudenkmal\r\nSeit September 2017 sind die Reste der r\u00f6mischen Br\u00fccke auf dem Grund der Maas als arch\u00e4ologisches Baudenkmal eingestuft. Um den Zustand des Monuments zu \u00fcberwachen, wird mindestens einmal pro Jahr ein Taucheinsatz organisiert. Dabei wird gepr\u00fcft, ob Erosion auftritt und ob sich die Situation ver\u00e4ndert. Die Ergebnisse der Tauchaktion werden in einem Bericht festgehalten und bilden die Grundlage m\u00f6glicher neuer Ma\u00dfnahmen der Stadt Maastricht zur Sicherung der Br\u00fcckenreste, in Abstimmung mit Rijkswaterstaat und dem Niederl\u00e4ndischen Amt f\u00fcr Kulturerbe.","foto":8907}]},"_links":{"self":[{"href":"https:\/\/www.viabelgica.nl\/de\/wp-json\/wp\/v2\/posts\/17570","targetHints":{"allow":["GET"]}}],"collection":[{"href":"https:\/\/www.viabelgica.nl\/de\/wp-json\/wp\/v2\/posts"}],"about":[{"href":"https:\/\/www.viabelgica.nl\/de\/wp-json\/wp\/v2\/types\/post"}],"author":[{"embeddable":true,"href":"https:\/\/www.viabelgica.nl\/de\/wp-json\/wp\/v2\/users\/1"}],"replies":[{"embeddable":true,"href":"https:\/\/www.viabelgica.nl\/de\/wp-json\/wp\/v2\/comments?post=17570"}],"version-history":[{"count":2,"href":"https:\/\/www.viabelgica.nl\/de\/wp-json\/wp\/v2\/posts\/17570\/revisions"}],"predecessor-version":[{"id":17576,"href":"https:\/\/www.viabelgica.nl\/de\/wp-json\/wp\/v2\/posts\/17570\/revisions\/17576"}],"acf:term":[{"embeddable":true,"taxonomy":"category","href":"https:\/\/www.viabelgica.nl\/de\/wp-json\/wp\/v2\/categories\/35"}],"wp:attachment":[{"href":"https:\/\/www.viabelgica.nl\/de\/wp-json\/wp\/v2\/media?parent=17570"}],"wp:term":[{"taxonomy":"category","embeddable":true,"href":"https:\/\/www.viabelgica.nl\/de\/wp-json\/wp\/v2\/categories?post=17570"},{"taxonomy":"post_tag","embeddable":true,"href":"https:\/\/www.viabelgica.nl\/de\/wp-json\/wp\/v2\/tags?post=17570"}],"curies":[{"name":"wp","href":"https:\/\/api.w.org\/{rel}","templated":true}]}}