
{"id":17765,"date":"2019-11-08T11:10:18","date_gmt":"2019-11-08T09:10:18","guid":{"rendered":"https:\/\/www.viabelgica.nl\/blogvoorbeeld-3\/"},"modified":"2025-11-19T17:44:44","modified_gmt":"2025-11-19T15:44:44","slug":"blogvoorbeeld-3","status":"publish","type":"post","link":"https:\/\/www.viabelgica.nl\/de\/blogvoorbeeld-3\/","title":{"rendered":"Romeins bouwen: een culturele lijn in architectuur"},"content":{"rendered":"","protected":false},"excerpt":{"rendered":"","protected":false},"author":1,"featured_media":0,"comment_status":"closed","ping_status":"closed","sticky":false,"template":"","format":"standard","meta":{"_acf_changed":false,"inline_featured_image":false,"footnotes":""},"categories":[],"tags":[],"class_list":["post-17765","post","type-post","status-publish","format-standard","hentry"],"acf":{"categorie":35,"afbeelding":8244,"auteur":"Loes van Oort","fotografie":"","contentbuilder":[{"acf_fc_layout":"tekst","tekst":"<p class=\"p1\">\u201eGutes Bauen hat drei Voraussetzungen: Festigkeit, Gebrauchstauglichkeit und Freude.\u201c Viele Architekten zitieren noch immer gern diese Worte von Vitruv, die er um 25 v. Chr. in seinem Handbuch Architectura. Zehn B\u00fccher \u00fcber Architektur schrieb.\r\nDas Buch ist ein echter Klassiker, aber immer noch aktuell, sagt die Architektin Lotte de Moor. \u201eEs ist nat\u00fcrlich besonders, dass man mehr als zweitausend Jahre sp\u00e4ter ein Buch eines Kollegen lesen kann. Aber vor allem finde ich faszinierend, dass viele Themen eins zu eins in die heutige Praxis \u00fcbertragen werden k\u00f6nnen.\u201c<\/p>"},{"acf_fc_layout":"tekst_quote","tekst":"Dass Vitruv einen so umfangreichen Leitfaden f\u00fcr Bauwerke schrieb, sagt viel \u00fcber das Niveau aus, auf dem die R\u00f6mer \u00fcber Architektur nachdachten. Stadtplanung, Baumaterialien, Wohnh\u00e4user und Technik sind nur einige der Themen, die Vitruv in den zehn Teilen der Architectura behandelt.\r\nSie sind der schriftliche Beweis f\u00fcr die vielger\u00fchmte r\u00f6mische Baukunst, die vor allem in Italien und Umgebung noch in voller Pracht zu bewundern ist.\r\nAuch in den H\u00fcgeln S\u00fcdlimburgs brachten die R\u00f6mer gro\u00dfe Ver\u00e4nderungen in die gebaute Umgebung. Doch man darf dies nicht zu romantisch vorstellen, erkl\u00e4rt De Moor. \u201eDie R\u00f6mer, die sich in der N\u00e4he der Via Belgica niederlie\u00dfen, haben nicht sofort den Baustil der Region radikal ver\u00e4ndert. Der Einfluss der r\u00f6mischen Baukunst wuchs mit der Zeit, aber von einer reinen r\u00f6mischen Architektur kann man nicht sprechen.\u201c\r\n<h3>S\u00fcchtig nach der Vergangenheit<\/h3>\r\nObwohl De Moor drei Jahre Arch\u00e4ologie studiert hat, betont sie, dass sie keine Arch\u00e4ologin ist. Sie begann das Studium aus gro\u00dfem Interesse an der Geschichte\u2014ein Interesse, das sie schon als Kind hatte\u2014verlie\u00df es aber etwas ern\u00fcchtert.\r\n\u201eEs war vor allem viel Theorie und wenig Praxis; ich hatte mir etwas anderes vorgestellt.\u201c\r\nAn der Kunstakademie in Den Haag entdeckte sie w\u00e4hrend des Studiums der architektonischen Gestaltung ihre kreative Seite. Sp\u00e4ter absolvierte sie einen Master in Architektur an der Akademie der Baukunst in Maastricht. Dort traf sie ihren Lebenspartner, mit dem sie heute das B\u00fcro Vullings De Moor f\u00fchrt.\r\n\r\n&nbsp;","quote":"\"Eeuwenlang heeft architectuur zich organisch aangepast of meebewogen met sociale en maatschappelijke ontwikkelingen in een regio.\"","naam":"Loes van Oort"},{"acf_fc_layout":"tekst_witruimte","tekst":"<p class=\"p1\">\u201eVon unserem B\u00fcro aus sehen wir Architektur als eine fortlaufende kulturelle Linie. \u00dcber Jahrhunderte hat sich die Architektur organisch angepasst oder ist mit sozialen und gesellschaftlichen Entwicklungen mitgewachsen.\u201c\r\nDass De Moor sich mit der r\u00f6mischen Geschichte besch\u00e4ftigt hat, ist angesichts ihrer Faszination f\u00fcr die Vergangenheit nicht verwunderlich. Doch sie hat heute auch einen aktuellen Anlass, der ihre Neugier noch weiter weckt.\r\n\u201eIch helfe meiner Familie bei der aktuellen Entwurfsaufgabe auf dem Heerdeberg, wo ich selbst mit meiner Familie wohne. Die R\u00f6mer haben hier ihre Spuren hinterlassen, und wir m\u00f6chten diesen Wert f\u00fcr die neue Funktion des Landguts auf passende Weise nutzen.\u201c Eine dankbare Aufgabe, findet De Moor.<\/p>"},{"acf_fc_layout":"tekst_foto","tekst":"Die elementarste Form des Wohnens\r\nUnd so vertieft sie sich in die Literatur. Ein Genuss, sagt sie, besonders wenn es um Vitruvs philosophische Gedankeng\u00e4nge geht. \u201eDie Art, wie er \u00fcber die \u2018primitive H\u00fctte\u2019 spricht, als Archetyp des menschlichen Wohnens, ist heute noch relevant und ein Thema, mit dem sich Architekten nach wie vor befassen.\u201c\r\n\r\nDurch die Entdeckung des Feuers begannen die Menschen, sich zu versammeln\u2026 sodass sich an einem Ort mehr Menschen einfanden\u2026 In dieser Gemeinschaft begannen einige, Laubd\u00e4cher zu bauen, andere\u2026 schauten den Schwalben ab, wie sie ihre Nester bauten, und fertigten Unterk\u00fcnfte aus Lehm und Zweigen\u2026 Dann betrachteten sie die Behausungen anderer; indem sie neue Ideen ihren eigenen Einf\u00e4llen hinzuf\u00fcgten, entwickelten sie Tag f\u00fcr Tag bessere Arten von H\u00fctten\u2026\r\nNachdem so die ersten Schritte gemacht waren und da die Natur die Menschen nicht nur mit Sinnen wie die \u00fcbrigen Lebewesen ausgestattet hatte, sondern ihren Geist mit Denkverm\u00f6gen und \u00dcberlegung, und andere Lebewesen ihrer Macht unterworfen hatte, konnten sie danach von der Konstruktion von H\u00e4usern Schritt f\u00fcr Schritt zu anderen K\u00fcnsten und Wissenschaften \u00fcbergehen.\r\n\r\n\u2014 Handbuch der Baukunst, \u00fcbersetzt von Ton Peters. Athenaeum \u2013 Polak &amp; Van Gennep, Amsterdam 1997.","foto":""},{"acf_fc_layout":"tekst_witruimte","tekst":"<h3>S\u00fcdlimburg als Schmelztiegel<\/h3>\r\nZur\u00fcck hierher, in den S\u00fcden Limburgs, zur Via Belgica. Was brachten Vitruv und seine Kollegen dieser Region? Direkt wenig, indirekt alles, sagt De Moor.\r\n\u201eAls die R\u00f6mer dieses Gebiet besetzten, gab es hier vor allem kleine autonome agrarische Siedlungen. Die Eburonen, die hier lebten, bauten mit verg\u00e4nglichen Materialien wie Holz, Weidengeflecht, Lehm und Schilf. Die H\u00e4user bestanden meist aus einem gro\u00dfen Raum mit Bereichen f\u00fcr Menschen und Vieh.\u201c\r\n\r\nMit der Ankunft der R\u00f6mer entstanden entlang der Via Belgica verschiedene \u2018inoffizielle\u2019 St\u00e4dte. Keine Verwaltungszentren (civitates), sondern sogenannte vici wie das heutige Heerlen und Maastricht\u2014Orte, die an Kreuzungen wichtiger Routen entstanden.\r\nAufgrund der gro\u00dfen Nachfrage nach Nahrungsmitteln, insbesondere Getreide f\u00fcr die Soldaten an der r\u00f6mischen Grenze, entstand ein gro\u00dfer Absatzmarkt f\u00fcr die lokalen Landwirte.\r\nDie landwirtschaftlichen Betriebe wurden gr\u00f6\u00dfer, der Wohlstand der Landbesitzer wuchs. Dieser Wohlstand\u2014kombiniert mit der Lage an einer wichtigen Stra\u00dfe\u2014f\u00fchrte zu zunehmendem Handel und zur Entstehung von Produktionsst\u00e4tten, etwa T\u00f6pfern, Schmieden und Zimmerleuten: der vicus war geboren."},{"acf_fc_layout":"foto_tekst","foto":"","tekst":"<h3>Organisation und Spezialisierung<\/h3>\r\nVor allem das hohe Ma\u00df an Organisation und Spezialisierung der R\u00f6mer war f\u00fcr die Architektur bedeutend, erkl\u00e4rt De Moor.\r\n\u201eDie Menschen konnten sich neben ihrer eigenen Versorgung ein anderes Handwerk leisten. Das agrarische Leben beanspruchte nicht mehr ihre gesamte Zeit. Dadurch erhielten sie die M\u00f6glichkeit, auf andere Weise zu bauen, technisch wie finanziell.\r\nAu\u00dferdem f\u00fchrte diese Organisation und Spezialisierung zur Verbesserung von Technik und Produktionskapazit\u00e4t, etwa bei Dachziegeln. Und der Wohlstand trug ebenfalls dazu bei, denn man konnte etwas kaufen, wenn man es nicht selbst herstellen konnte.\u201c\r\n\r\nDie R\u00f6mer wussten auch bestens mit den Rohstoffen umzugehen, die sie hier vorfanden: Sie stellten Dachziegel aus gebranntem Ton her, arbeiteten mit Kunrader Stein f\u00fcr Mauern und mit Mergel f\u00fcr Zement und M\u00f6rtel.\r\nDoch rund um die Via Belgica standen nicht pl\u00f6tzlich nur noch H\u00e4user aus Stein und rechten Winkeln. \u201eWie immer in der Geschichte ver\u00e4nderte sich die Architektur organisch. Die \u2018modernen\u2019 Techniken und Materialien wurden mit bestehenden Techniken kombiniert, etwa Fachwerk mit Weidengeflecht, verputzt mit Lehm und gekalkt.\u201c\r\n\r\n&nbsp;"},{"acf_fc_layout":"tekst_quote","tekst":"Auch in puncto Komfort und \u00c4sthetik brachten die R\u00f6mer neuen Schwung. Das clevere Hypokaustum-System ist Fu\u00dfbodenheizung avant la lettre: Hohlr\u00e4ume in B\u00f6den und W\u00e4nden wurden durch Feuer erw\u00e4rmt.\r\nAuch die Einf\u00fchrung von Toiletten und Fensterglas sorgte f\u00fcr mehr Komfort.\r\nBei der Innendekoration wussten die R\u00f6mer ebenfalls Bescheid: Wandmalereien, verzierte Mosaikb\u00f6den.\r\nDoch De Moor schr\u00e4nkt ein: Diese Dinge galten nur f\u00fcr einige \u00f6ffentliche Geb\u00e4ude oder sehr wohlhabende H\u00e4user und Villen.","quote":"\u201eDie Dekoration und der Luxus der villa rustica sind bescheiden im Vergleich zu den Landh\u00e4usern des alten Rom.\u201c","naam":"Loes van Oort"},{"acf_fc_layout":"tekst_foto","tekst":"<h3>Rustica versus Urbana<\/h3>\r\nAuch die Villen in dieser Region ben\u00f6tigen Erkl\u00e4rung. \u201eEine Villa klingt edel, aber hier handelt es sich um die villa rustica, einen gro\u00dfen Gutshof mit Nebengeb\u00e4uden wie einem horreum (Getreidespeicher).\r\nDas Hauptgeb\u00e4ude war meist aus Stein, doch die Dekoration und der Luxus blieben bescheiden im Vergleich zu den Landh\u00e4usern, die wir aus dem alten Rom kennen.\u201c\r\n\r\nDie R\u00f6mer kannten aber auch eine luxuri\u00f6sere Variante: die villa urbana, als R\u00fcckzugsort aus dem Stadtleben.\r\nPlinius der J\u00fcngere (62\u2013113 n. Chr.), Senator und Besitzer mehrerer Villen bei Rom, beschrieb das Leben in seinen Landh\u00e4usern so anschaulich, dass die plinische Villa zum Begriff wurde\u2014eine Ideologie, in der die Villa die Flucht vor allt\u00e4glichen Pflichten symbolisiert.","foto":""},{"acf_fc_layout":"foto_tekst","foto":"","tekst":"<h3 class=\"p1\">\u201eBester Domitius Apollinaris,\u2026<\/h3>\r\n<p class=\"p1\">Am Kopf des S\u00e4ulenganges befindet sich ein Speisezimmer. Seine Fl\u00fcgelt\u00fcren bieten einen Blick auf das Ende der Terrasse mit einer Wiese und viel offenem Land; durch das eine Fenster sieht man die Seite der Terrasse und den vorspringenden Teil der Villa, durch das andere die B\u00e4ume und das Laub des benachbarten Pferderennplatzes\u2026 Und abgesehen von allem Genannten: diese tiefe Ruhe dort! So reich und voll und dadurch so sorgenfrei! Keine Toga n\u00f6tig, keine Nachbarn, die einen rufen, lauter Frieden und Ruhe\u2026 Dort bin ich in Bestform, an Geist und K\u00f6rper\u2026 Herzliche Gr\u00fc\u00dfe, Plinius.\u201c<\/p>\r\n<p class=\"p1\"><em>'\u201eBrief 5,6; Datum: 105.\u201c Plinius. \u201eMeine Landh\u00e4user\u201c, Vincent Hunink. Athenaeum\u2013Polak &amp; Van Gennep, Amsterdam 2017.<\/em><\/p>"},{"acf_fc_layout":"tekst_witruimte","tekst":"<h3>Back to basic\u2014oder doch nicht?<\/h3>\r\nDe Moor erkennt in Plinius\u2019 Sehns\u00fcchten viele Parallelen zur heutigen Suche nach Ruhe und Raum auf dem Land.\r\n\u201eWenn ich das lese, kann ich nicht anders, als Verbindungen zu unserem jetzigen Leben zu sehen. Wie viele Menschen verlassen die Hektik der Stadt und entscheiden sich bewusst f\u00fcr ein ruhigeres Leben.\r\nAuch der Wunsch nach Selbstversorgung\u2014bei Energie und Nahrung\u2014spiegelt diese Ideologie wider.\u201c\r\n\r\nDoch die Art und Weise, wie die R\u00f6mer ihre Umgebung gestalteten, zeigt auch, was das Bed\u00fcrfnis nach Komfort und Luxus mit sich bringt.\r\n\u201eNat\u00fcrlich nutzten sie lokale Materialien, doch f\u00fcr optimalen Komfort oder aus \u00e4sthetischen Gr\u00fcnden importierten sie auch Naturstein oder Pigmente.\r\nMit ihrer neuen Art des Bauens und Wohnens brachten die R\u00f6mer zugleich die erste Form von Globalisierung, Handel, Trends und Marktwirtschaft. Dinge, die heute so exponentiell gewachsen sind, dass wir uns wieder nach lokal und kleinschalig sehnen.\u201c\r\n\r\n\u201eAuch wir als Architekten versuchen, den \u00f6kologischen Fu\u00dfabdruck eines Geb\u00e4udes so gering wie m\u00f6glich zu halten und mit lokalen Materialien und Handwerkern zu arbeiten.\r\nAber sind wir auch bereit, ein bestimmtes Ma\u00df an Komfort aufzugeben und unsere Werte anzupassen? Ich finde es \u00e4u\u00dferst spannend, wie die R\u00f6mer uns mit ihrem Gedankengut heute wieder zum Nachdenken bringen.\u201c"},{"acf_fc_layout":"foto_tekst","foto":"","tekst":"<h3>Die lange Linie<\/h3>\r\nAusgehend von der Idee, dass sich Architektur organisch entwickelt, findet De Moor es besonders interessant, wie die r\u00f6mischen Geb\u00e4ude in dieser Region wieder verschwanden.\r\nIm 3. Jahrhundert n. Chr. gewannen die Germanen mit ihren Angriffen zunehmend die Oberhand. Als Reaktion darauf errichteten die R\u00f6mer Befestigungen in St\u00e4dten wie Maastricht.\r\nDie Gebiete au\u00dferhalb dieser gesch\u00fctzten Orte wurden unsicher; Villenbesitzer verlie\u00dfen die Gegend, viele Villen wurden gepl\u00fcndert und niedergebrannt.\r\n\r\n\u201eMit dem Verlust ihrer Position in der Region verschwand zun\u00e4chst auch die r\u00f6mische Baukultur.\r\nDoch viele Bauweisen, die wir heute f\u00fcr selbstverst\u00e4ndlich halten, lassen sich auf die klassische Zeit zur\u00fcckf\u00fchren: Ziegel, Dachziegel, Bogenkonstruktionen, Beton.\r\nIhre Innovation und Erfindungsgabe haben sich \u00fcber die Jahrhunderte weiterentwickelt und inspirieren uns heute in unserer eigenen architektonischen Praxis.\r\nDenn eine Linie l\u00e4sst sich nur fortsetzen, wenn man versteht, wo sie einst begonnen hat.\u201c"}]},"_links":{"self":[{"href":"https:\/\/www.viabelgica.nl\/de\/wp-json\/wp\/v2\/posts\/17765","targetHints":{"allow":["GET"]}}],"collection":[{"href":"https:\/\/www.viabelgica.nl\/de\/wp-json\/wp\/v2\/posts"}],"about":[{"href":"https:\/\/www.viabelgica.nl\/de\/wp-json\/wp\/v2\/types\/post"}],"author":[{"embeddable":true,"href":"https:\/\/www.viabelgica.nl\/de\/wp-json\/wp\/v2\/users\/1"}],"replies":[{"embeddable":true,"href":"https:\/\/www.viabelgica.nl\/de\/wp-json\/wp\/v2\/comments?post=17765"}],"version-history":[{"count":1,"href":"https:\/\/www.viabelgica.nl\/de\/wp-json\/wp\/v2\/posts\/17765\/revisions"}],"predecessor-version":[{"id":17773,"href":"https:\/\/www.viabelgica.nl\/de\/wp-json\/wp\/v2\/posts\/17765\/revisions\/17773"}],"acf:term":[{"embeddable":true,"taxonomy":"category","href":"https:\/\/www.viabelgica.nl\/de\/wp-json\/wp\/v2\/categories\/35"}],"wp:attachment":[{"href":"https:\/\/www.viabelgica.nl\/de\/wp-json\/wp\/v2\/media?parent=17765"}],"wp:term":[{"taxonomy":"category","embeddable":true,"href":"https:\/\/www.viabelgica.nl\/de\/wp-json\/wp\/v2\/categories?post=17765"},{"taxonomy":"post_tag","embeddable":true,"href":"https:\/\/www.viabelgica.nl\/de\/wp-json\/wp\/v2\/tags?post=17765"}],"curies":[{"name":"wp","href":"https:\/\/api.w.org\/{rel}","templated":true}]}}