
{"id":17837,"date":"2020-04-10T10:48:08","date_gmt":"2020-04-10T08:48:08","guid":{"rendered":"https:\/\/www.viabelgica.nl\/stichting-linea-recta-bestaat-125-jaar\/"},"modified":"2025-11-19T20:43:12","modified_gmt":"2025-11-19T18:43:12","slug":"stichting-linea-recta-bestaat-125-jaar","status":"publish","type":"post","link":"https:\/\/www.viabelgica.nl\/de\/stichting-linea-recta-bestaat-125-jaar\/","title":{"rendered":"Stiftung Linea Recta besteht 12,5 Jahre!"},"content":{"rendered":"","protected":false},"excerpt":{"rendered":"","protected":false},"author":1,"featured_media":0,"comment_status":"closed","ping_status":"closed","sticky":false,"template":"","format":"standard","meta":{"_acf_changed":false,"inline_featured_image":false,"footnotes":""},"categories":[],"tags":[],"class_list":["post-17837","post","type-post","status-publish","format-standard","hentry"],"acf":{"categorie":35,"afbeelding":8694,"auteur":"Ankie Bosch","fotografie":"Ties Pijpers","contentbuilder":[{"acf_fc_layout":"tekst","tekst":"Im Jahr 2006 f\u00e4hrt der K\u00fcnstler John van den Berg mit einem Freund mit dem Fahrrad \u00fcber die Via Belgica. Wieder zu Hause \u00fcbersetzt er diese Radtour in ein riesiges Scrapbook. Zeichnungen und Fotos erg\u00e4nzt er mit Hintergrundinformationen, Karten der Umgebung und einem Gedicht. Dieses Scrapbook, erz\u00e4hlt seine Tochter Eefke, ist der Anfang der Stiftung Linea Recta, die nun schon seit 12,5 Jahren die r\u00f6mische Vergangenheit von Landgraaf sichtbar macht.\r\n\r\n&nbsp;"},{"acf_fc_layout":"tekst_foto","tekst":"Eefke Bos strahlt, als sie das Buch zeigt. Eigentlich strahlt sie die ganze Zeit. Sie ist stolz auf ihren Vater, das ist klar. Das Buch, erkl\u00e4rt sie, war urspr\u00fcnglich als Kunstprojekt gedacht. Ein Inspirationsbuch. Bei Aktivit\u00e4ten haben die Ehrenamtlichen es immer dabei: \u201eEs zieht Menschen an. Die Leute bl\u00e4ttern gerne darin, werden selbst davon inspiriert. Und es ist ein sch\u00f6ner Einstieg f\u00fcr ein Gespr\u00e4ch.\u201c\r\n\r\nVon einem kommt das andere: vom Scrapbook zu einer B\u00fcrgerinitiative, von der B\u00fcrgerinitiative zu einem gesellschaftlichen Ziel \u2013 und schlie\u00dflich zu einer Stiftung. Die gro\u00dfe Frage: Wie bringt man die reiche r\u00f6mische Vergangenheit von Landgraaf unter die Aufmerksamkeit? Denn auch wenn die Vergangenheit direkt vor der Nase liegt, muss man wissen, wohin man schauen soll.","foto":8700},{"acf_fc_layout":"tekst_foto","tekst":"<h3>Bewusstseinsbildung<\/h3>\r\n\u201eWir haben mit einem Bewusstseinsprojekt begonnen\u201c, erz\u00e4hlt Eefke.\r\nAnhand von vier Kunstformen soll das Projekt Via Linea Recta Landgraaf seiner r\u00f6mischen Wurzeln bewusst machen. Eine r\u00f6mische Prozession von Schaesberg zu einem r\u00f6mischen Markt in Rimburg ist die erste Publikumsattraktion. Danach folgt ein Buch, Das Amulett des Lichtbergs, das die Lebensgeschichte des r\u00f6mischen Legion\u00e4rs Lucas erz\u00e4hlt.\r\nAuch dieses Buch stammt aus der Hand von John, der die Geschichte in 52 Gem\u00e4lden weiter zum Leben erweckt, ausgestellt in De Dormig in Schaesberg.\r\n\r\nEin Theaterkonzert stand ebenfalls auf dem Programm, wurde aber aus finanziellen Gr\u00fcnden auf unbestimmte Zeit verschoben. \u201eDas Bewusstseinsprojekt hat drei Jahre gedauert\u201c, berichtet Eefke.\r\n\u201eSeitdem bildet Das Amulett des Lichtbergs die Grundlage f\u00fcr alles, was wir tun. Auch f\u00fcr Schulen ist es gro\u00dfartig. Wenn man Kindern eine Scherbe gibt, bedeutet ihnen das nicht viel. Aber wenn man ihnen eine Geschichte erz\u00e4hlt und die Gem\u00e4lde zeigt, regt man sie an. Mit diesem Gedanken wurde das Buch geschrieben. Wenn man es gelesen hat, sieht man die Herenweg mit ganz anderen Augen.\u201c","foto":8712},{"acf_fc_layout":"foto_tekst","foto":8706,"tekst":"<h3>Obelix<\/h3>\r\nIn die Schulen nehmen die Ehrenamtlichen von Linea Recta meist eine Unterrichtskiste mit. Eefke: \u201eWir haben einen r\u00f6mischen Helm, den die Kinder aufsetzen k\u00f6nnen. Oft nehmen wir auch das Scrapbook mit.\r\nUnd wir machen h\u00e4ufig eine Plateauwanderung von etwa 5 Kilometern nach Op de Bies und zum Vrouwengraf.\u201c\r\n\r\nAuch f\u00fcr andere Interessierte stehen die Ehrenamtlichen bereit: \u201eWenn Sie mit Ihrer Wandergruppe eine thematische Wanderung machen m\u00f6chten, haben wir einen F\u00fchrer f\u00fcr Sie. Das kann auch mit einem Vortrag oder Workshop kombiniert werden\u201c, erkl\u00e4rt Eefke. \u201eUnsere Vorsitzende besch\u00e4ftigt sich zum Beispiel mit der Geschichte der Ern\u00e4hrung, also kann man auch einen Workshop zum Thema Essen anfragen.\u201c\r\n\r\nF\u00fcr all diese Aktivit\u00e4ten ist Eefke die erste Ansprechpartnerin. Die anderen Ehrenamtlichen unterst\u00fctzen sie, wenn n\u00f6tig. \u201eWir haben Leute, die mit St\u00fchlen und Tischen schleppen, jemanden, der Facebook betreut.\r\nAndere verteilen Flyer oder stehen am Infostand. Wenn ich Hilfe brauche, zum Beispiel f\u00fcr einen Workshop Dufts\u00e4ckchen herstellen oder Mosaike machen, schaue ich, wer Zeit hat. Einer unserer Ehrenamtlichen hat sogar einmal wie Obelix eine S\u00e4ule geschleppt!\u201c"},{"acf_fc_layout":"tekst_foto","tekst":"<h3>Freunde<\/h3>\r\nLinea Recta arbeitet eng mit anderen Unternehmen und Organisationen zusammen. Eefke: \u201eDie B\u00e4ckerei Aroma hat zum Beispiel das R\u00f6merbr\u00f6tchen entwickelt \u2013 ein Br\u00f6tchen auf Basis von Dinkel. Man kann es in vier Teile teilen, da es eine Tagesration war. Und es hat ein B\u00e4ndchen: zum Festhalten, aber auch, um es vor Ungeziefer aufzuh\u00e4ngen.\u201c Auch andere Unternehmen stehen der Stiftung wohlwollend gegen\u00fcber: \u201eZum Beispiel die Campingpl\u00e4tze, die Pfadfinder oder CPFXL, eine Druckerei. Sie unterst\u00fctzen uns von Anfang an, sodass wir gemeinsam etwas erreichen k\u00f6nnen.\u201c\r\n\r\n\u201eAm 4. Oktober, w\u00e4hrend des n\u00e4chsten Via Belgica-Festivals, hoffen wir, gemeinsam mit anderen Freunden etwas zu machen\u201c, f\u00e4hrt sie fort.\r\n\u201eMan schaut schlie\u00dflich in dieselbe Richtung.\u201c Vorher ist eine \u00dcberblicksausstellung zum 12,5-j\u00e4hrigen Jubil\u00e4um geplant, die jedoch wegen des Coronavirus vom Fr\u00fchjahr 2020 auf einen sp\u00e4teren Zeitpunkt verschoben wurde.","foto":7485},{"acf_fc_layout":"tekst_foto","tekst":"<h3>Reisegruppe<\/h3>\r\nZum Zeitpunkt des Schreibens wird intensiv an der Fertigstellung eines Wandgem\u00e4ldes unter der Unterf\u00fchrung an der Haanweg gearbeitet.\r\nDas Kunstwerk ist eine der Ideen, die Vater John schon im Scrapbook festgehalten hatte. An den W\u00e4nden erscheinen die Umrisse einer Reisegruppe: eine Tagesversion in Richtung J\u00fclich und K\u00f6ln, eine Nachtversion in Richtung Heerlen und Maastricht. Rhythmus des Tageslaufs wird das Werk hei\u00dfen \u2013 ein Hinweis auf das Kommen und Gehen von Reisenden, wie es auch heute noch stattfindet. Die Malerarbeiten werden von Ehrenamtlichen ausgef\u00fchrt, alle Materialien werden gesponsert. Wann die Enth\u00fcllung stattfindet, muss noch entschieden werden. Inzwischen k\u00f6nnen Passanten bereits den Fortschritt bewundern.","foto":8736},{"acf_fc_layout":"tekst_quote","tekst":"<h3>Tr\u00e4ume<\/h3>\r\nHat Eefke eigentlich noch Tr\u00e4ume f\u00fcr Linea Recta? \u201eIch f\u00e4nde es sch\u00f6n, wenn die tats\u00e4chliche Hauptroute, soweit sie bekannt ist, ausgeschildert w\u00fcrde.\r\nIch bin nicht so digital \u2013 ich m\u00f6chte etwas sehen, wenn ich gehe. Jetzt ist die Hauptroute 70 km lang, weil man kleine Schleifen miteinander verbindet, w\u00e4hrend die echte Trasse nur 34 km misst. Wir haben Angst, dass die echten Themenradfahrer dadurch abspringen. Dabei w\u00fcrden sie, wenn sie k\u00e4men und s\u00e4hen, wie sch\u00f6n es hier ist \u2026\u201c\r\n\r\nUnd nat\u00fcrlich stehen noch viele Ideen im Scrapbook ihres Vaters. Zum Beispiel ein r\u00f6mischer Park auf einem Acker in Rimburg (Eefke: \u201eWenn gepfl\u00fcgt wurde und es geregnet hat, geht er dort regelm\u00e4\u00dfig schauen\u201c) oder eine kleine Via-Belgica-Melodie. Auch dahinter steckt wieder eine ganze Geschichte. \u201eIch kann stundenlang erz\u00e4hlen\u201c, lacht Eefke, bevor sie das Scrapbook zuklappt. \u201eAls Papa anfing, habe ich gesagt, dass ich ihm einen Tag helfen w\u00fcrde. Das ist v\u00f6llig aus dem Ruder gelaufen.\u201c\r\n\r\n&nbsp;\r\n\r\n&nbsp;","quote":"\u201eAls Papa anfing, habe ich gesagt, dass ich ihm einen Tag helfen w\u00fcrde. Das ist v\u00f6llig aus dem Ruder gelaufen.\u201c","naam":"Eefke Bos"},{"acf_fc_layout":"slideshow","slideshow":[8727,8733,8721,8718,8697,8691,8685,8688]}]},"_links":{"self":[{"href":"https:\/\/www.viabelgica.nl\/de\/wp-json\/wp\/v2\/posts\/17837","targetHints":{"allow":["GET"]}}],"collection":[{"href":"https:\/\/www.viabelgica.nl\/de\/wp-json\/wp\/v2\/posts"}],"about":[{"href":"https:\/\/www.viabelgica.nl\/de\/wp-json\/wp\/v2\/types\/post"}],"author":[{"embeddable":true,"href":"https:\/\/www.viabelgica.nl\/de\/wp-json\/wp\/v2\/users\/1"}],"replies":[{"embeddable":true,"href":"https:\/\/www.viabelgica.nl\/de\/wp-json\/wp\/v2\/comments?post=17837"}],"version-history":[{"count":2,"href":"https:\/\/www.viabelgica.nl\/de\/wp-json\/wp\/v2\/posts\/17837\/revisions"}],"predecessor-version":[{"id":17843,"href":"https:\/\/www.viabelgica.nl\/de\/wp-json\/wp\/v2\/posts\/17837\/revisions\/17843"}],"acf:term":[{"embeddable":true,"taxonomy":"category","href":"https:\/\/www.viabelgica.nl\/de\/wp-json\/wp\/v2\/categories\/35"}],"wp:attachment":[{"href":"https:\/\/www.viabelgica.nl\/de\/wp-json\/wp\/v2\/media?parent=17837"}],"wp:term":[{"taxonomy":"category","embeddable":true,"href":"https:\/\/www.viabelgica.nl\/de\/wp-json\/wp\/v2\/categories?post=17837"},{"taxonomy":"post_tag","embeddable":true,"href":"https:\/\/www.viabelgica.nl\/de\/wp-json\/wp\/v2\/tags?post=17837"}],"curies":[{"name":"wp","href":"https:\/\/api.w.org\/{rel}","templated":true}]}}