
{"id":17863,"date":"2020-06-11T07:32:16","date_gmt":"2020-06-11T05:32:16","guid":{"rendered":"https:\/\/www.viabelgica.nl\/ingang-romeinse-versterking-gevonden-heerlen\/"},"modified":"2025-11-19T20:52:54","modified_gmt":"2025-11-19T18:52:54","slug":"ingang-romeinse-versterking-gevonden-heerlen","status":"publish","type":"post","link":"https:\/\/www.viabelgica.nl\/de\/ingang-romeinse-versterking-gevonden-heerlen\/","title":{"rendered":"Eingang r\u00f6mischer Befestigung in Heerlen gefunden"},"content":{"rendered":"","protected":false},"excerpt":{"rendered":"","protected":false},"author":1,"featured_media":0,"comment_status":"closed","ping_status":"closed","sticky":false,"template":"","format":"standard","meta":{"_acf_changed":false,"inline_featured_image":false,"footnotes":""},"categories":[],"tags":[],"class_list":["post-17863","post","type-post","status-publish","format-standard","hentry"],"acf":{"categorie":null,"afbeelding":8760,"auteur":"Harry Lindelauf","fotografie":"Gemeente Heerlen","contentbuilder":[{"acf_fc_layout":"tekst","tekst":"Im Zentrum von Heerlen sind Reste einer r\u00f6mischen Befestigung gefunden worden. Es handelt sich um eine aus Naturstein gemauerte Treppe, die den Eingang zur Befestigung bildet. Die Befestigung liegt am Tempsplein, neben dem Museum mit den \u00dcberresten der r\u00f6mischen Thermen."},{"acf_fc_layout":"tekst_foto","tekst":"Der Fund wurde w\u00e4hrend Arbeiten an der Kanalisation gemacht. Zuvor waren unter dem Platz bereits \u00dcberreste aus r\u00f6mischer Zeit gefunden worden, wie ein T\u00f6pferofen und ein Graben, der Teil der Befestigung war. Die Befestigung lag neben dem Kreuzungspunkt der r\u00f6mischen Stra\u00dfe von Trier \u00fcber Aachen nach Xanten und der Via Belgica. Bei der Ausgrabung kamen auch Reste von Wohnbebauung ans Licht.","foto":8754},{"acf_fc_layout":"foto_tekst","foto":8757,"tekst":"Die Befestigung des r\u00f6mischen Heerlen wurde im dritten Jahrhundert errichtet. Einf\u00e4lle germanischer St\u00e4mme waren damals auch der Anlass f\u00fcr die Befestigung von Maastricht und den Bau von Wacht\u00fcrmen entlang der gro\u00dfen Heerstra\u00dfen."}]},"_links":{"self":[{"href":"https:\/\/www.viabelgica.nl\/de\/wp-json\/wp\/v2\/posts\/17863","targetHints":{"allow":["GET"]}}],"collection":[{"href":"https:\/\/www.viabelgica.nl\/de\/wp-json\/wp\/v2\/posts"}],"about":[{"href":"https:\/\/www.viabelgica.nl\/de\/wp-json\/wp\/v2\/types\/post"}],"author":[{"embeddable":true,"href":"https:\/\/www.viabelgica.nl\/de\/wp-json\/wp\/v2\/users\/1"}],"replies":[{"embeddable":true,"href":"https:\/\/www.viabelgica.nl\/de\/wp-json\/wp\/v2\/comments?post=17863"}],"version-history":[{"count":2,"href":"https:\/\/www.viabelgica.nl\/de\/wp-json\/wp\/v2\/posts\/17863\/revisions"}],"predecessor-version":[{"id":17869,"href":"https:\/\/www.viabelgica.nl\/de\/wp-json\/wp\/v2\/posts\/17863\/revisions\/17869"}],"wp:attachment":[{"href":"https:\/\/www.viabelgica.nl\/de\/wp-json\/wp\/v2\/media?parent=17863"}],"wp:term":[{"taxonomy":"category","embeddable":true,"href":"https:\/\/www.viabelgica.nl\/de\/wp-json\/wp\/v2\/categories?post=17863"},{"taxonomy":"post_tag","embeddable":true,"href":"https:\/\/www.viabelgica.nl\/de\/wp-json\/wp\/v2\/tags?post=17863"}],"curies":[{"name":"wp","href":"https:\/\/api.w.org\/{rel}","templated":true}]}}