
{"id":17888,"date":"2020-06-12T15:04:10","date_gmt":"2020-06-12T13:04:10","guid":{"rendered":"https:\/\/www.viabelgica.nl\/hulp-burgers-welkom-beeld-dame-voerendaal\/"},"modified":"2025-11-19T21:06:56","modified_gmt":"2025-11-19T19:06:56","slug":"hulp-burgers-welkom-beeld-dame-voerendaal","status":"publish","type":"post","link":"https:\/\/www.viabelgica.nl\/de\/hulp-burgers-welkom-beeld-dame-voerendaal\/","title":{"rendered":"Hilfe der B\u00fcrger willkommen beim Kunstwerk Dame von Voerendaal"},"content":{"rendered":"","protected":false},"excerpt":{"rendered":"","protected":false},"author":1,"featured_media":0,"comment_status":"closed","ping_status":"closed","sticky":false,"template":"","format":"standard","meta":{"_acf_changed":false,"inline_featured_image":false,"footnotes":""},"categories":[],"tags":[],"class_list":["post-17888","post","type-post","status-publish","format-standard","hentry"],"acf":{"categorie":null,"afbeelding":8778,"auteur":"Harry Lindelauf","fotografie":"Harry Lindelauf\/De Limburger","contentbuilder":[{"acf_fc_layout":"tekst","tekst":"Die heutigen B\u00fcrger sind eingeladen, bei der Realisierung einer zeitgen\u00f6ssischen Statue der antiken r\u00f6mischen \u201eDame von Voerendaal\u201c zu helfen. Wer die Einladung annimmt, kann seinen Namen in einen Block Kunrader Stein gravieren lassen. Designer Tei van Neerven setzt die gravierten Steine in das durchbrochene Silhouette-Gebilde von 3,30 Metern H\u00f6he und etwa 5 Metern L\u00e4nge. Das Kunstwerk wird in einer Gr\u00fcnanlage vor dem Bahnhof von Voerendaal stehen."},{"acf_fc_layout":"tekst_foto","tekst":"Beigeordneter Peter Thomas (Erbe, CDA) und NS-Stationsleiter Ron Lenssen waren am Freitag, dem 12. Juni, die Ersten, die ihre Initialen eingravierten. Die sichtbare Schicht der Steine darf graviert werden. Schlie\u00dflich wird der Rahmen mit etwa sieben Kubikmetern Kalkstein aus dem Steinbruch an der Bergerweg in Kunrade gef\u00fcllt. \u201eAuf der Grundlage unserer arch\u00e4ologischen Vergangenheit m\u00f6chten wir in der Gemeinde Kunstwerke aufstellen, die auf die r\u00f6mische Vergangenheit und das Kalkland verweisen\u201c, so der Beigeordnete.","foto":8781},{"acf_fc_layout":"foto_tekst","foto":8775,"tekst":"Das neue Kunstwerk ist das \u201eZwillingswerk\u201c des Kunstwerks in Ubachsberg, wo mit Cortenstahl und Kunrader Stein das Wort \u201eKalk\u201c ins Gras gesetzt wurde. Die neue Statue vor dem Bahnhof verweist auf einen steinernen Frauenkopf, der 1917 in Voerendaal gefunden wurde. Die 50 Zentimeter hohe Statue besteht aus Nivelsteiner Sandstein aus dem Wormtal. Die Frisur der \u201eDame von Voerendaal\u201c ist eine Kopie der Haartracht, wie sie auf Portr\u00e4ts von Vibia Sabina, der Ehefrau von Kaiser Hadrian (117\u2013138), zu sehen ist. Wahrscheinlich war die Voerendaaler Statue Teil des Monuments auf dem Grab der \u201eDame von Voerendaal\u201c. Dieses Monument muss entlang der Via Belgica gestanden haben. Der genaue Standort ist nicht bekannt."}]},"_links":{"self":[{"href":"https:\/\/www.viabelgica.nl\/de\/wp-json\/wp\/v2\/posts\/17888","targetHints":{"allow":["GET"]}}],"collection":[{"href":"https:\/\/www.viabelgica.nl\/de\/wp-json\/wp\/v2\/posts"}],"about":[{"href":"https:\/\/www.viabelgica.nl\/de\/wp-json\/wp\/v2\/types\/post"}],"author":[{"embeddable":true,"href":"https:\/\/www.viabelgica.nl\/de\/wp-json\/wp\/v2\/users\/1"}],"replies":[{"embeddable":true,"href":"https:\/\/www.viabelgica.nl\/de\/wp-json\/wp\/v2\/comments?post=17888"}],"version-history":[{"count":2,"href":"https:\/\/www.viabelgica.nl\/de\/wp-json\/wp\/v2\/posts\/17888\/revisions"}],"predecessor-version":[{"id":17894,"href":"https:\/\/www.viabelgica.nl\/de\/wp-json\/wp\/v2\/posts\/17888\/revisions\/17894"}],"wp:attachment":[{"href":"https:\/\/www.viabelgica.nl\/de\/wp-json\/wp\/v2\/media?parent=17888"}],"wp:term":[{"taxonomy":"category","embeddable":true,"href":"https:\/\/www.viabelgica.nl\/de\/wp-json\/wp\/v2\/categories?post=17888"},{"taxonomy":"post_tag","embeddable":true,"href":"https:\/\/www.viabelgica.nl\/de\/wp-json\/wp\/v2\/tags?post=17888"}],"curies":[{"name":"wp","href":"https:\/\/api.w.org\/{rel}","templated":true}]}}