
{"id":17901,"date":"2020-06-16T13:52:59","date_gmt":"2020-06-16T11:52:59","guid":{"rendered":"https:\/\/www.viabelgica.nl\/belgica-wegens-succes-verlengd\/"},"modified":"2025-11-19T21:12:42","modified_gmt":"2025-11-19T19:12:42","slug":"belgica-wegens-succes-verlengd","status":"publish","type":"post","link":"https:\/\/www.viabelgica.nl\/de\/belgica-wegens-succes-verlengd\/","title":{"rendered":"PRESSEMITTEILUNG: Via Belgica wegen Erfolgs verl\u00e4ngert"},"content":{"rendered":"","protected":false},"excerpt":{"rendered":"","protected":false},"author":1,"featured_media":0,"comment_status":"closed","ping_status":"closed","sticky":false,"template":"","format":"standard","meta":{"_acf_changed":false,"inline_featured_image":false,"footnotes":""},"categories":[],"tags":[],"class_list":["post-17901","post","type-post","status-publish","format-standard","hentry"],"acf":{"categorie":1,"afbeelding":7515,"auteur":"Toos Hofstede","fotografie":" Mikko Kriek","contentbuilder":[{"acf_fc_layout":"tekst","tekst":"Am Donnerstag, dem 18. Juni, werden die Gemeinden Kerkrade, Heerlen, Simpelveld, Voerendaal, Valkenburg aan de Geul, Meerssen, Maastricht, Riemst (BE) und die Provinz Limburg ein neues dreij\u00e4hriges Via-Belgica-Abkommen unterzeichnen. Aufgrund der Corona-Ma\u00dfnahmen wurde dem Unterzeichnungsmoment ein humorvoller Dreh gegeben. In r\u00f6mische Kost\u00fcme gekleidete Radfahrer holen die Unterschriften radelnd bei den beteiligten Mandatstr\u00e4gern ab. Die Radtour beginnt in Heerlen und endet auf der Br\u00fccke von Vroenhoven in Riemst.\r\n\r\nVia-Belgica-Abkommen 2021\u20132023\r\nIn den vergangenen 15 Jahren wurde auf verschiedenen Ebenen daran gearbeitet, die Via Belgica \u2014 die 400 Kilometer lange r\u00f6mische Heerstra\u00dfe, die quer durch S\u00fcdlimburg verlief und die franz\u00f6sische K\u00fcste mit dem deutschen Rheinland verband \u2014 sichtbar und erlebbar zu machen. Was 2005 mit einer Vision begann \u2014 \u201eVia Belgica, Vergangenheit auf dem Weg in die Zukunft\u201c \u2014 entwickelte sich zu einer fruchtbaren interkommunalen und euroregionalen Zusammenarbeit, in der Arch\u00e4ologie und Erlebnis\u00f6konomie miteinander verbunden wurden. Im neuen Abkommen sprechen die Partner die Absicht aus, mindestens bis 2023 weiter zusammenzuarbeiten. \u201eWir wollen die Via Belgica weiter sichtbar und erlebbar machen. Wie vor Jahrhunderten soll die Via Belgica wieder \u00f6ffnen, zusammenbringen und verbinden.\u201c (Ruud Burlet, Provinzabgeordneter f\u00fcr Arch\u00e4ologie, Provinz Limburg).\r\n\r\nFinde deinen Weg im r\u00f6mischen S\u00fcdlimburg\r\nDie 2016 von Viastory im Auftrag der Provinz Limburg und der kooperierenden Gemeinden entwickelte Kommunikationsstrategie dient als Grundlage daf\u00fcr, die arch\u00e4ologische Geschichte sichtbar und erlebbar zu machen. Via Belgica richtet den Blick nicht nur auf die Stra\u00dfe selbst, sondern auch auf die r\u00f6mische Vergangenheit des umliegenden Gebiets. Unter dem Motto \u201eFinde deinen Weg\u201c werden Nutzer und Besucher eingeladen, die Region neu zu entdecken.\r\nIn den letzten vier Jahren wurden eine Website und eine App mit Routen, Geschichten, Virtual Reality und ein Wanderf\u00fchrer R\u00f6misches S\u00fcdlimburg entwickelt. Im Sommer 2020 beginnt in Zusammenarbeit mit Routepunt die Beschilderung des Via-Belgica-Fernwanderwegs, der von Rimburg bis Maastricht f\u00fchrt.\r\n\r\nSt\u00e4rkung und Erweiterung\r\nIn der neuen Abkommensperiode wird auf dem soliden Fundament weiter aufgebaut. Das Trassee wird untersucht, mit Unternehmern werden attraktive Angebote entwickelt, arch\u00e4ologische Geschichten geteilt und Routen markiert. Dar\u00fcber hinaus setzen sich die Abkommenspartner f\u00fcr eine weitere grenz\u00fcberschreitende Zusammenarbeit in Deutschland, Belgien und Frankreich ein.\r\n\r\n<a href=\"https:\/\/www.viabelgica.nl\/wp-content\/uploads\/2020\/06\/VIA-Belgica-Convenant-2021-2023.pdf\">Laden Sie das Abkommen herunter.<\/a>"}]},"_links":{"self":[{"href":"https:\/\/www.viabelgica.nl\/de\/wp-json\/wp\/v2\/posts\/17901","targetHints":{"allow":["GET"]}}],"collection":[{"href":"https:\/\/www.viabelgica.nl\/de\/wp-json\/wp\/v2\/posts"}],"about":[{"href":"https:\/\/www.viabelgica.nl\/de\/wp-json\/wp\/v2\/types\/post"}],"author":[{"embeddable":true,"href":"https:\/\/www.viabelgica.nl\/de\/wp-json\/wp\/v2\/users\/1"}],"replies":[{"embeddable":true,"href":"https:\/\/www.viabelgica.nl\/de\/wp-json\/wp\/v2\/comments?post=17901"}],"version-history":[{"count":3,"href":"https:\/\/www.viabelgica.nl\/de\/wp-json\/wp\/v2\/posts\/17901\/revisions"}],"predecessor-version":[{"id":17909,"href":"https:\/\/www.viabelgica.nl\/de\/wp-json\/wp\/v2\/posts\/17901\/revisions\/17909"}],"wp:attachment":[{"href":"https:\/\/www.viabelgica.nl\/de\/wp-json\/wp\/v2\/media?parent=17901"}],"wp:term":[{"taxonomy":"category","embeddable":true,"href":"https:\/\/www.viabelgica.nl\/de\/wp-json\/wp\/v2\/categories?post=17901"},{"taxonomy":"post_tag","embeddable":true,"href":"https:\/\/www.viabelgica.nl\/de\/wp-json\/wp\/v2\/tags?post=17901"}],"curies":[{"name":"wp","href":"https:\/\/api.w.org\/{rel}","templated":true}]}}