
{"id":14166,"date":"2023-06-13T21:14:41","date_gmt":"2023-06-13T19:14:41","guid":{"rendered":"https:\/\/www.viabelgica.nl\/vriendenbijeenkomst-in-de-twee-gezusters-in-heerlen\/"},"modified":"2025-08-31T20:30:15","modified_gmt":"2025-08-31T18:30:15","slug":"vriendenbijeenkomst-in-de-twee-gezusters-in-heerlen","status":"publish","type":"post","link":"https:\/\/www.viabelgica.nl\/fr\/vriendenbijeenkomst-in-de-twee-gezusters-in-heerlen\/","title":{"rendered":"Rencontre des Amis aux De twee gezusters \u00e0 Heerlen"},"content":{"rendered":"","protected":false},"excerpt":{"rendered":"","protected":false},"author":10,"featured_media":0,"comment_status":"closed","ping_status":"closed","sticky":false,"template":"","format":"standard","meta":{"_acf_changed":false,"inline_featured_image":false,"footnotes":""},"categories":[],"tags":[],"class_list":["post-14166","post","type-post","status-publish","format-standard","hentry"],"acf":{"categorie":43,"afbeelding":10250,"auteur":"Anja Neskens","fotografie":"Anja Neskens","contentbuilder":[{"acf_fc_layout":"tekst_foto","tekst":"<div class=\"\" data-block=\"true\" data-editor=\"c2t2o\" data-offset-key=\"dvk16-0-0\">\r\n<div class=\"_1mf _1mj\" data-offset-key=\"dvk16-0-0\">\r\n\r\nLe lundi 12 juin a eu lieu la premi\u00e8re rencontre des Amis de 2023, \u00e0 la suite de la nomination du nouveau chef de projet. Ce fut une rencontre agr\u00e9able, rassemblant de nombreux participants int\u00e9ress\u00e9s. Des histoires ont \u00e9t\u00e9 partag\u00e9es, des opportunit\u00e9s identifi\u00e9es, des ponts construits \u2013 bref, nous avons trouv\u00e9 notre chemin !\r\n\r\nUn groupe diversifi\u00e9 d\u2019entrepreneurs, de cercles d\u2019histoire locale, de reconstituteurs, de fonctionnaires, etc. \u2013 le m\u00e9lange id\u00e9al pour cr\u00e9er des liens.\r\n\r\n<\/div>\r\n<\/div>\r\n<div class=\"\" data-block=\"true\" data-editor=\"c2t2o\" data-offset-key=\"e1o5p-0-0\"><\/div>","foto":10253},{"acf_fc_layout":"foto_tekst","foto":10256,"tekst":"ous les participants ont eu droit \u00e0 une conf\u00e9rence de l\u2019arch\u00e9ologue r\u00e9gionale Hilde Vanneste sur \u00ab Heel Heerlen Graaft ! \u00bb ainsi qu\u2019\u00e0 une pr\u00e9sentation de l\u2019initiateur Beno\u00eet Mater sur le nouveau Thermenmuseum.\r\n\r\n\u00c0 l\u2019automne, M. Oostwegel Sr. nous accueillera au Ch\u00e2teau Gerlach. Cette rencontre prendra la forme d\u2019une s\u00e9ance interactive d\u2019inspiration pour nos Amis."},{"acf_fc_layout":"slideshow","slideshow":[10259,10262,10265,10268,10271,10274,10277,10280,10283,10256,10253,10250]}]},"_links":{"self":[{"href":"https:\/\/www.viabelgica.nl\/fr\/wp-json\/wp\/v2\/posts\/14166","targetHints":{"allow":["GET"]}}],"collection":[{"href":"https:\/\/www.viabelgica.nl\/fr\/wp-json\/wp\/v2\/posts"}],"about":[{"href":"https:\/\/www.viabelgica.nl\/fr\/wp-json\/wp\/v2\/types\/post"}],"author":[{"embeddable":true,"href":"https:\/\/www.viabelgica.nl\/fr\/wp-json\/wp\/v2\/users\/10"}],"replies":[{"embeddable":true,"href":"https:\/\/www.viabelgica.nl\/fr\/wp-json\/wp\/v2\/comments?post=14166"}],"version-history":[{"count":2,"href":"https:\/\/www.viabelgica.nl\/fr\/wp-json\/wp\/v2\/posts\/14166\/revisions"}],"predecessor-version":[{"id":14168,"href":"https:\/\/www.viabelgica.nl\/fr\/wp-json\/wp\/v2\/posts\/14166\/revisions\/14168"}],"acf:term":[{"embeddable":true,"taxonomy":"category","href":"https:\/\/www.viabelgica.nl\/fr\/wp-json\/wp\/v2\/categories\/43"}],"wp:attachment":[{"href":"https:\/\/www.viabelgica.nl\/fr\/wp-json\/wp\/v2\/media?parent=14166"}],"wp:term":[{"taxonomy":"category","embeddable":true,"href":"https:\/\/www.viabelgica.nl\/fr\/wp-json\/wp\/v2\/categories?post=14166"},{"taxonomy":"post_tag","embeddable":true,"href":"https:\/\/www.viabelgica.nl\/fr\/wp-json\/wp\/v2\/tags?post=14166"}],"curies":[{"name":"wp","href":"https:\/\/api.w.org\/{rel}","templated":true}]}}