
{"id":15490,"date":"2025-06-20T12:41:37","date_gmt":"2025-06-20T10:41:37","guid":{"rendered":"https:\/\/www.viabelgica.nl\/romeinse-geschiedenis-in-de-vitrine-en-in-het-veld\/"},"modified":"2025-10-03T20:23:29","modified_gmt":"2025-10-03T18:23:29","slug":"romeinse-geschiedenis-in-de-vitrine-en-in-het-veld","status":"publish","type":"post","link":"https:\/\/www.viabelgica.nl\/fr\/romeinse-geschiedenis-in-de-vitrine-en-in-het-veld\/","title":{"rendered":"L\u2019histoire romaine en vitrine et sur le terrain"},"content":{"rendered":"","protected":false},"excerpt":{"rendered":"","protected":false},"author":10,"featured_media":0,"comment_status":"closed","ping_status":"closed","sticky":false,"template":"","format":"standard","meta":{"_acf_changed":false,"inline_featured_image":false,"footnotes":""},"categories":[],"tags":[],"class_list":["post-15490","post","type-post","status-publish","format-standard","hentry"],"acf":{"categorie":34,"afbeelding":13661,"auteur":"Harry Lindelauf","fotografie":"Anja Neskens","contentbuilder":[{"acf_fc_layout":"tekst","tekst":"L\u2019exposition Villas romaines dans le Limbourg et un nouveau banc Via Belgica dans le Ravensbos t\u00e9moignent d\u2019une nouvelle mani\u00e8re de pr\u00e9senter l\u2019histoire romaine. D\u00e9sormais, les tr\u00e9sors expos\u00e9s au mus\u00e9e et les sites arch\u00e9ologiques de la r\u00e9gion seront reli\u00e9s entre eux."},{"acf_fc_layout":"foto_tekst","foto":13645,"tekst":"C\u2019est ce lien entre \u00ab vitrine \u00bb et \u00ab terrain \u00bb que le nouveau Mus\u00e9e Romain de Heerlen s\u2019est fix\u00e9 pour objectif. Dans le mus\u00e9e Pop-Up (temporaire) install\u00e9 \u00e0 De Vondst, le Mus\u00e9e Romain met en valeur une s\u00e9rie de d\u00e9couvertes exceptionnelles, jamais montr\u00e9es ensemble auparavant. On peut y voir par exemple l\u2019ensemble des trouvailles issues des sarcophages d\u00e9couverts en 1920 \u00e0 la Vossekuil."},{"acf_fc_layout":"tekst_foto","tekst":"La plupart des objets romains expos\u00e9s dans les vitrines du mus\u00e9e de Heerlen proviennent du sud du Limbourg, souvent le long de la Via Belgica. Et \u00e0 l\u2019ext\u00e9rieur, dans la r\u00e9gion, les sites arch\u00e9ologiques constituent eux-m\u00eames des destinations attrayantes pour les visiteurs. Ils repr\u00e9sentent litt\u00e9ralement les fondations de la riche collection du mus\u00e9e, dans le paysage m\u00eame auquel les Romains doivent une grande partie de leur prosp\u00e9rit\u00e9.","foto":13677},{"acf_fc_layout":"foto_tekst","foto":13689,"tekst":"<h3>Un bonus pour les randonneurs<\/h3>\r\nLors de l\u2019ouverture de l\u2019exposition, ce lien entre \u00ab vitrine \u00bb et \u00ab terrain \u00bb a pris corps avec l\u2019inauguration d\u2019un nouveau banc Via Belgica. Le jeudi 19 juin 2025, il a \u00e9t\u00e9 d\u00e9voil\u00e9 par Beno\u00eet Mater, coordinateur du mus\u00e9e, et Wim Weerts, \u00e9chevin de Valkenburg. Le panneau d\u2019information sur le banc renvoie \u00e0 la villa romaine de Ravensbosch, dont les vestiges se trouvent un peu plus loin, \u00e0 Strabeek. Le banc est situ\u00e9 \u00e0 l\u2019extr\u00e9mit\u00e9 de la Charles Eyckdreef, pr\u00e8s d\u2019un parking du Ravensbos \u2013 un agr\u00e9able bonus pour les nombreux marcheurs du Pieterpad. Et ceux qui souhaitent quitter l\u2019itin\u00e9raire du Pieterpad pour se rendre \u00e0 l\u2019exposition de Heerlen pourront y d\u00e9couvrir des trouvailles issues de la villa Ravensbosch."},{"acf_fc_layout":"tekst_foto","tekst":"Exposition Villas romaines dans le Limbourg, Pop-Up Mus\u00e9e Romain, De Vondst, Raadhuisplein 20, Heerlen. Ouvert du mardi au dimanche de 13h \u00e0 17h. Jusqu\u2019au 4 janvier 2026.\r\nL\u2019exposition a \u00e9t\u00e9 d\u00e9velopp\u00e9e conjointement par le Rijksmuseum van Oudheden, le Limburgs Museum et le Mus\u00e9e Romain, avec le soutien financier du Mondriaanfonds.\r\n\r\n\u00c0 lire aussi : La villa Ravensbosch, toujours une \u00e9nigme romaine","foto":13633},{"acf_fc_layout":"slideshow","slideshow":[13701,13697,13693,13689,13685,13681,13677,13673,13669,13665,13661,13657,13653,13649,13645,13641,13637,13633]}]},"_links":{"self":[{"href":"https:\/\/www.viabelgica.nl\/fr\/wp-json\/wp\/v2\/posts\/15490","targetHints":{"allow":["GET"]}}],"collection":[{"href":"https:\/\/www.viabelgica.nl\/fr\/wp-json\/wp\/v2\/posts"}],"about":[{"href":"https:\/\/www.viabelgica.nl\/fr\/wp-json\/wp\/v2\/types\/post"}],"author":[{"embeddable":true,"href":"https:\/\/www.viabelgica.nl\/fr\/wp-json\/wp\/v2\/users\/10"}],"replies":[{"embeddable":true,"href":"https:\/\/www.viabelgica.nl\/fr\/wp-json\/wp\/v2\/comments?post=15490"}],"version-history":[{"count":2,"href":"https:\/\/www.viabelgica.nl\/fr\/wp-json\/wp\/v2\/posts\/15490\/revisions"}],"predecessor-version":[{"id":15495,"href":"https:\/\/www.viabelgica.nl\/fr\/wp-json\/wp\/v2\/posts\/15490\/revisions\/15495"}],"acf:term":[{"embeddable":true,"taxonomy":"category","href":"https:\/\/www.viabelgica.nl\/fr\/wp-json\/wp\/v2\/categories\/34"}],"wp:attachment":[{"href":"https:\/\/www.viabelgica.nl\/fr\/wp-json\/wp\/v2\/media?parent=15490"}],"wp:term":[{"taxonomy":"category","embeddable":true,"href":"https:\/\/www.viabelgica.nl\/fr\/wp-json\/wp\/v2\/categories?post=15490"},{"taxonomy":"post_tag","embeddable":true,"href":"https:\/\/www.viabelgica.nl\/fr\/wp-json\/wp\/v2\/tags?post=15490"}],"curies":[{"name":"wp","href":"https:\/\/api.w.org\/{rel}","templated":true}]}}