
{"id":15502,"date":"2025-05-07T11:20:11","date_gmt":"2025-05-07T09:20:11","guid":{"rendered":"https:\/\/www.viabelgica.nl\/waardering-van-maxima-werkt-als-stimulans\/"},"modified":"2025-10-03T20:28:45","modified_gmt":"2025-10-03T18:28:45","slug":"waardering-van-maxima-werkt-als-stimulans","status":"publish","type":"post","link":"https:\/\/www.viabelgica.nl\/fr\/waardering-van-maxima-werkt-als-stimulans\/","title":{"rendered":"La reconnaissance de la reine M\u00e1xima comme moteur"},"content":{"rendered":"","protected":false},"excerpt":{"rendered":"","protected":false},"author":10,"featured_media":0,"comment_status":"closed","ping_status":"closed","sticky":false,"template":"","format":"standard","meta":{"_acf_changed":false,"inline_featured_image":false,"footnotes":""},"categories":[],"tags":[],"class_list":["post-15502","post","type-post","status-publish","format-standard","hentry"],"acf":{"categorie":34,"afbeelding":13379,"auteur":"Harry Lindelauf","fotografie":"Hilde Vanneste, Beno\u00eet Mater, RMO","contentbuilder":[{"acf_fc_layout":"tekst","tekst":"<h3>\u00ab Ce qui m\u2019a surtout touch\u00e9e, c\u2019est la reconnaissance pour quelque chose sur lequel je travaille avec passion depuis des ann\u00e9es : rapprocher l\u2019arch\u00e9ologie des gens. \u00bb<\/h3>\r\nHilde Vanneste, arch\u00e9ologue r\u00e9gionale de Parkstad, a v\u00e9cu une rencontre particuli\u00e8re lors de l\u2019ouverture de l\u2019exposition Au-dessus du sol au Rijksmuseum van Oudheden de Leyde. \u00ab On n\u2019a pas tous les jours l\u2019occasion de parler avec la reine M\u00e1xima, et certainement pas d\u2019un sujet auquel on consacre depuis des ann\u00e9es tout son c\u0153ur et toute son \u00e9nergie. Non seulement \u00e0 Parkstad, mais aussi au-del\u00e0, ce travail est vu et appr\u00e9ci\u00e9. Cette exp\u00e9rience est un bel encouragement \u00e0 poursuivre ma mission : relier les gens \u00e0 leur propre pass\u00e9 \u2013 leur patrimoine, leur identit\u00e9. \u00bb\r\n\r\n&nbsp;"},{"acf_fc_layout":"tekst_foto","tekst":"<h3>Une asperge verte comme manche<\/h3>\r\nLa nouvelle exposition pr\u00e9sente les pi\u00e8ces ma\u00eetresses de 25 ans de recherches arch\u00e9ologiques entre 2000 et 2025 aux Pays-Bas et aux Cara\u00efbes. Des d\u00e9couvertes de l\u2019\u00e9poque romaine figurent \u00e9galement dans ce panorama de l\u2019arch\u00e9ologie moderne. Beno\u00eet Mater, coordinateur du Mus\u00e9e Romain, a attir\u00e9 l\u2019attention sur un petit couteau en bronze. Il a \u00e9t\u00e9 d\u00e9couvert en 2002 dans le foss\u00e9 du fort romain Laurium \u00e0 Woerden. Pour le moule du manche, on a probablement utilis\u00e9 une v\u00e9ritable asperge verte.","foto":13399},{"acf_fc_layout":"foto_tekst","foto":13395,"tekst":"<h3>Casque d\u2019infanterie<\/h3>\r\nTout pr\u00e8s du mus\u00e9e, \u00e0 Leyde, un casque d\u2019infanterie dat\u00e9 de 50\u2013100 apr. J.-C. a \u00e9t\u00e9 trouv\u00e9 en 2018. Il est compos\u00e9 de plusieurs \u00e9l\u00e9ments, dont une large protection de nuque. La partie frontale est d\u00e9cor\u00e9e d\u2019un dauphin et d\u2019une autre cr\u00e9ature marine. \u00c0 l\u2019arri\u00e8re et sur la joue gauche, de petits temples stylis\u00e9s ont \u00e9t\u00e9 ajout\u00e9s \u00e0 titre d\u00e9coratif. Une plaque nominative est fix\u00e9e sur la nuqui\u00e8re, mais le nom du propri\u00e9taire n\u2019est malheureusement plus lisible.\r\n\r\nPlus d\u2019infos : www.rmo.nl"}]},"_links":{"self":[{"href":"https:\/\/www.viabelgica.nl\/fr\/wp-json\/wp\/v2\/posts\/15502","targetHints":{"allow":["GET"]}}],"collection":[{"href":"https:\/\/www.viabelgica.nl\/fr\/wp-json\/wp\/v2\/posts"}],"about":[{"href":"https:\/\/www.viabelgica.nl\/fr\/wp-json\/wp\/v2\/types\/post"}],"author":[{"embeddable":true,"href":"https:\/\/www.viabelgica.nl\/fr\/wp-json\/wp\/v2\/users\/10"}],"replies":[{"embeddable":true,"href":"https:\/\/www.viabelgica.nl\/fr\/wp-json\/wp\/v2\/comments?post=15502"}],"version-history":[{"count":2,"href":"https:\/\/www.viabelgica.nl\/fr\/wp-json\/wp\/v2\/posts\/15502\/revisions"}],"predecessor-version":[{"id":15507,"href":"https:\/\/www.viabelgica.nl\/fr\/wp-json\/wp\/v2\/posts\/15502\/revisions\/15507"}],"acf:term":[{"embeddable":true,"taxonomy":"category","href":"https:\/\/www.viabelgica.nl\/fr\/wp-json\/wp\/v2\/categories\/34"}],"wp:attachment":[{"href":"https:\/\/www.viabelgica.nl\/fr\/wp-json\/wp\/v2\/media?parent=15502"}],"wp:term":[{"taxonomy":"category","embeddable":true,"href":"https:\/\/www.viabelgica.nl\/fr\/wp-json\/wp\/v2\/categories?post=15502"},{"taxonomy":"post_tag","embeddable":true,"href":"https:\/\/www.viabelgica.nl\/fr\/wp-json\/wp\/v2\/tags?post=15502"}],"curies":[{"name":"wp","href":"https:\/\/api.w.org\/{rel}","templated":true}]}}