
{"id":15512,"date":"2025-02-27T21:56:36","date_gmt":"2025-02-27T19:56:36","guid":{"rendered":"https:\/\/www.viabelgica.nl\/archeologische-snoepjes-uit-thorn\/"},"modified":"2025-10-03T20:32:49","modified_gmt":"2025-10-03T18:32:49","slug":"archeologische-snoepjes-uit-thorn","status":"publish","type":"post","link":"https:\/\/www.viabelgica.nl\/fr\/archeologische-snoepjes-uit-thorn\/","title":{"rendered":"Des friandises arch\u00e9ologiques de Thorn"},"content":{"rendered":"","protected":false},"excerpt":{"rendered":"","protected":false},"author":10,"featured_media":0,"comment_status":"closed","ping_status":"closed","sticky":false,"template":"","format":"standard","meta":{"_acf_changed":false,"inline_featured_image":false,"footnotes":""},"categories":[],"tags":[],"class_list":["post-15512","post","type-post","status-publish","format-standard","hentry"],"acf":{"categorie":34,"afbeelding":12818,"auteur":"Harry","fotografie":"Miriam Tonnaer","contentbuilder":[{"acf_fc_layout":"tekst","tekst":"<h3>Le mus\u00e9e de Thorn qualifie l\u2019exposition Bodemvondsten (\u00ab Tr\u00e9sors du sol \u00bb) de \u00ab bo\u00eete \u00e0 friandises arch\u00e9ologiques \u00bb. Et elle est bien garnie gr\u00e2ce \u00e0 la collaboration des arch\u00e9ologues amateurs de Thorn. Pour la premi\u00e8re fois, ils pr\u00e9sentent leurs d\u00e9couvertes les plus remarquables, issues pour la plupart de recherches avec un d\u00e9tecteur de m\u00e9taux.<\/h3>\r\nL\u2019exposition a \u00e9t\u00e9 r\u00e9alis\u00e9e en coop\u00e9ration avec des institutions patrimoniales de Stevensweert, Maasbracht et Wessem. C\u00f4t\u00e9 professionnel, Luc Amkreutz et Jan Roymans y ont contribu\u00e9. Amkreutz, conservateur au Rijksmuseum van Oudheden de Leyde, met en lumi\u00e8re l\u2019\u00e9p\u00e9e en bronze acquise par le mus\u00e9e en 2020. L\u2019arme date de la fin de l\u2019\u00c2ge du bronze et a \u00e9t\u00e9 trouv\u00e9e dans les ann\u00e9es 1960 par un dragueur entre Thorn et Wessem. Jan Roymans, ancien arch\u00e9ologue senior du bureau d\u2019\u00e9tudes RAAP, explique ce que les trouvailles de dragage r\u00e9v\u00e8lent sur la vie sur et autour de la Meuse."},{"acf_fc_layout":"foto_tekst","foto":12823,"tekst":"<h3>Une bague rare<\/h3>\r\nL\u2019exposition rassemble 97 \u00ab friandises \u00bb allant de la Pr\u00e9histoire \u00e0 environ 1900. La pr\u00e9sentation en cinq rubriques (bijoux, religion, sceaux, chasse &amp; guerre, monnaies) facilite la d\u00e9couverte. Ceux qui recherchent des \u00ab friandises \u00bb romaines y trouveront notamment une bague exceptionnelle. Selon son d\u00e9couvreur, Ruud Weekers, des chercheurs de l\u2019Universit\u00e9 Libre d\u2019Amsterdam ont \u00e9tudi\u00e9 le bijou et conclu qu\u2019il s\u2019agit d\u2019une bague romaine rare datant du Ve si\u00e8cle. Parmi les 24 monnaies expos\u00e9es, trois proviennent de l\u2019\u00e9poque romaine. L\u2019une est particuli\u00e8rement singuli\u00e8re : une pi\u00e8ce de bronze de l\u2019\u00e9poque de Tib\u00e8re dont un morceau a \u00e9t\u00e9 d\u00e9coup\u00e9.\r\n\r\nPhoto : La bague romaine est une pi\u00e8ce remarquable. Dans le quartz rouge translucide (cornaline) est grav\u00e9e l\u2019image d\u2019une personne tenant un globe."},{"acf_fc_layout":"tekst","tekst":"Bodemvondsten est visible jusqu\u2019au 31 d\u00e9cembre 2025 au Mus\u00e9e de Thorn, Wijngaard 14. Pour les horaires d\u2019ouverture, voir www.museumthorn.com."}]},"_links":{"self":[{"href":"https:\/\/www.viabelgica.nl\/fr\/wp-json\/wp\/v2\/posts\/15512","targetHints":{"allow":["GET"]}}],"collection":[{"href":"https:\/\/www.viabelgica.nl\/fr\/wp-json\/wp\/v2\/posts"}],"about":[{"href":"https:\/\/www.viabelgica.nl\/fr\/wp-json\/wp\/v2\/types\/post"}],"author":[{"embeddable":true,"href":"https:\/\/www.viabelgica.nl\/fr\/wp-json\/wp\/v2\/users\/10"}],"replies":[{"embeddable":true,"href":"https:\/\/www.viabelgica.nl\/fr\/wp-json\/wp\/v2\/comments?post=15512"}],"version-history":[{"count":2,"href":"https:\/\/www.viabelgica.nl\/fr\/wp-json\/wp\/v2\/posts\/15512\/revisions"}],"predecessor-version":[{"id":15517,"href":"https:\/\/www.viabelgica.nl\/fr\/wp-json\/wp\/v2\/posts\/15512\/revisions\/15517"}],"acf:term":[{"embeddable":true,"taxonomy":"category","href":"https:\/\/www.viabelgica.nl\/fr\/wp-json\/wp\/v2\/categories\/34"}],"wp:attachment":[{"href":"https:\/\/www.viabelgica.nl\/fr\/wp-json\/wp\/v2\/media?parent=15512"}],"wp:term":[{"taxonomy":"category","embeddable":true,"href":"https:\/\/www.viabelgica.nl\/fr\/wp-json\/wp\/v2\/categories?post=15512"},{"taxonomy":"post_tag","embeddable":true,"href":"https:\/\/www.viabelgica.nl\/fr\/wp-json\/wp\/v2\/tags?post=15512"}],"curies":[{"name":"wp","href":"https:\/\/api.w.org\/{rel}","templated":true}]}}