
{"id":15527,"date":"2025-04-04T16:00:33","date_gmt":"2025-04-04T14:00:33","guid":{"rendered":"https:\/\/www.viabelgica.nl\/op-zoek-naar-een-romeinse-villa-in-kerkrade\/"},"modified":"2025-10-03T20:40:52","modified_gmt":"2025-10-03T18:40:52","slug":"op-zoek-naar-een-romeinse-villa-in-kerkrade","status":"publish","type":"post","link":"https:\/\/www.viabelgica.nl\/fr\/op-zoek-naar-een-romeinse-villa-in-kerkrade\/","title":{"rendered":"\u00c0 la recherche d\u2019une villa romaine \u00e0 Kerkrade"},"content":{"rendered":"","protected":false},"excerpt":{"rendered":"","protected":false},"author":10,"featured_media":0,"comment_status":"closed","ping_status":"closed","sticky":false,"template":"","format":"standard","meta":{"_acf_changed":false,"inline_featured_image":false,"footnotes":""},"categories":[],"tags":[],"class_list":["post-15527","post","type-post","status-publish","format-standard","hentry"],"acf":{"categorie":34,"afbeelding":13106,"auteur":"Hilde Vanneste","fotografie":"Anja Neskens","contentbuilder":[{"acf_fc_layout":"tekst","tekst":"Ces derni\u00e8res semaines ont \u00e9t\u00e9 riches en \u00e9motions sur le terrain pr\u00e8s de l\u2019abbaye Rolduc \u00e0 Kerkrade. Les arch\u00e9ologues, aid\u00e9s d\u2019une impressionnante pelleteuse, y ont mis au jour un fascinant fragment d\u2019histoire : une possible villa romaine. Et avec succ\u00e8s !"},{"acf_fc_layout":"foto_tekst","foto":13110,"tekst":"<h3>Pourquoi creuser ici ?<\/h3>\r\nCe site attirait d\u00e9j\u00e0 depuis longtemps l\u2019attention. Des arch\u00e9ologues amateurs et des recherches ant\u00e9rieures avaient r\u00e9v\u00e9l\u00e9 divers vestiges, comme des mat\u00e9riaux de construction romains et m\u00eame les restes d\u2019un horreum (grenier \u00e0 bl\u00e9 romain), d\u00e9couverts lors de la construction de la Roderlandbaan. En 2018, une prospection g\u00e9ophysique a en outre confirm\u00e9 de fortes indications de b\u00e2timents. Autant de raisons de lancer une fouille arch\u00e9ologique approfondie."},{"acf_fc_layout":"tekst_foto","tekst":"<h3>\u00c0 la recherche des traces du pass\u00e9<\/h3>\r\nLe 24 mars, les arch\u00e9ologues ont entam\u00e9 leur qu\u00eate avec enthousiasme. La raison imm\u00e9diate ? La cr\u00e9ation pr\u00e9vue d\u2019une for\u00eat de m\u00e9moire sur le plateau. Le creusement des fosses de plantation aurait pu perturber le sol et endommager de pr\u00e9cieux vestiges. Mais pourquoi s\u2019attendre ici \u00e0 une villa romaine ? Tout simplement parce que l\u2019emplacement est id\u00e9al ! Les Romains voyaient eux aussi ce beau plateau comme un lieu parfait pour une exploitation agricole.\r\n\r\nPourtant, les premi\u00e8res d\u00e9couvertes n\u2019\u00e9taient pas romaines, mais plus anciennes encore : deux urnes model\u00e9es \u00e0 la main contenant des restes de cr\u00e9mation datant de la Pr\u00e9histoire r\u00e9cente, peut-\u00eatre li\u00e9es \u00e0 une n\u00e9cropole. Elles ont \u00e9t\u00e9 soigneusement pr\u00e9lev\u00e9es \u00ab en bloc \u00bb, afin que des sp\u00e9cialistes puissent les \u00e9tudier et en d\u00e9terminer l\u2019\u00e2ge exact.","foto":13131},{"acf_fc_layout":"foto_tekst","foto":13126,"tekst":"<h3>Doutes et perc\u00e9es<\/h3>\r\nAu fil des fouilles, les incertitudes se sont accrues. Les vestiges romains avaient-ils \u00e9t\u00e9 emport\u00e9s ? Y avait-il vraiment eu une villa ? La tension montait\u2026 jusqu\u2019\u00e0 la d\u00e9couverte d\u2019un premier indice convaincant : un magnifique mortier romain. Cela ne pouvait signifier qu\u2019une chose : il devait y avoir davantage ! Et en effet, des fondations nettes d\u2019une villa romaine sont apparues.\r\n\r\nAvec cette d\u00e9couverte, Kerkrade compte officiellement une nouvelle villa romaine, aux c\u00f4t\u00e9s des villas connues de Holzkuil et Kaalheide. On suppose qu\u2019au total, onze villas romaines se trouvaient dans la r\u00e9gion \u2013 ce qui para\u00eet logique vu la fertilit\u00e9 des sols, id\u00e9aux pour l\u2019agriculture."},{"acf_fc_layout":"tekst_foto","tekst":"<h3>Pr\u00e9server le pass\u00e9<\/h3>\r\nBien que les fondations aient \u00e9t\u00e9 document\u00e9es, la commune de Kerkrade a choisi de limiter les fouilles suppl\u00e9mentaires. Ce qui reste sous terre est en effet mieux conserv\u00e9 pour les g\u00e9n\u00e9rations futures, qui disposeront peut-\u00eatre de techniques de recherche plus avanc\u00e9es.\r\n\r\nAinsi, l\u2019histoire de Kerkrade reste vivante tout en \u00e9tant prot\u00e9g\u00e9e pour l\u2019avenir. Et qui sait quels secrets le sol garde encore enfouis ?","foto":13118}]},"_links":{"self":[{"href":"https:\/\/www.viabelgica.nl\/fr\/wp-json\/wp\/v2\/posts\/15527","targetHints":{"allow":["GET"]}}],"collection":[{"href":"https:\/\/www.viabelgica.nl\/fr\/wp-json\/wp\/v2\/posts"}],"about":[{"href":"https:\/\/www.viabelgica.nl\/fr\/wp-json\/wp\/v2\/types\/post"}],"author":[{"embeddable":true,"href":"https:\/\/www.viabelgica.nl\/fr\/wp-json\/wp\/v2\/users\/10"}],"replies":[{"embeddable":true,"href":"https:\/\/www.viabelgica.nl\/fr\/wp-json\/wp\/v2\/comments?post=15527"}],"version-history":[{"count":2,"href":"https:\/\/www.viabelgica.nl\/fr\/wp-json\/wp\/v2\/posts\/15527\/revisions"}],"predecessor-version":[{"id":15532,"href":"https:\/\/www.viabelgica.nl\/fr\/wp-json\/wp\/v2\/posts\/15527\/revisions\/15532"}],"acf:term":[{"embeddable":true,"taxonomy":"category","href":"https:\/\/www.viabelgica.nl\/fr\/wp-json\/wp\/v2\/categories\/34"}],"wp:attachment":[{"href":"https:\/\/www.viabelgica.nl\/fr\/wp-json\/wp\/v2\/media?parent=15527"}],"wp:term":[{"taxonomy":"category","embeddable":true,"href":"https:\/\/www.viabelgica.nl\/fr\/wp-json\/wp\/v2\/categories?post=15527"},{"taxonomy":"post_tag","embeddable":true,"href":"https:\/\/www.viabelgica.nl\/fr\/wp-json\/wp\/v2\/tags?post=15527"}],"curies":[{"name":"wp","href":"https:\/\/api.w.org\/{rel}","templated":true}]}}