
{"id":15552,"date":"2025-02-27T20:48:15","date_gmt":"2025-02-27T18:48:15","guid":{"rendered":"https:\/\/www.viabelgica.nl\/wat-is-het-verhaal-van-de-dode-bij-de-romeinse-villa-in-meerssen\/"},"modified":"2025-10-05T20:48:55","modified_gmt":"2025-10-05T18:48:55","slug":"wat-is-het-verhaal-van-de-dode-bij-de-romeinse-villa-in-meerssen","status":"publish","type":"post","link":"https:\/\/www.viabelgica.nl\/fr\/wat-is-het-verhaal-van-de-dode-bij-de-romeinse-villa-in-meerssen\/","title":{"rendered":"L\u2019histoire du mort de la villa romaine de Meerssen?"},"content":{"rendered":"","protected":false},"excerpt":{"rendered":"","protected":false},"author":10,"featured_media":0,"comment_status":"closed","ping_status":"closed","sticky":false,"template":"","format":"standard","meta":{"_acf_changed":false,"inline_featured_image":false,"footnotes":""},"categories":[],"tags":[],"class_list":["post-15552","post","type-post","status-publish","format-standard","hentry"],"acf":{"categorie":34,"afbeelding":12771,"auteur":"James Dodd (eindredactie Harry Lindelauf)","fotografie":"James Dodd","contentbuilder":[{"acf_fc_layout":"tekst","tekst":"En 1865, l\u2019arch\u00e9ologue Jozef Habets d\u00e9couvre un squelette dans les ruines de la villa rustica romaine d\u2019Onderste Herkenberg, \u00e0 Meerssen. Malheureusement, les ossements tombent dans l\u2019oubli au d\u00e9p\u00f4t d\u2019un mus\u00e9e. Jusqu\u2019\u00e0 leur red\u00e9couverte en 2024, qui relance l\u2019int\u00e9r\u00eat scientifique. Les chercheurs trouvent plusieurs r\u00e9ponses \u2014 mais aussi de nouvelles questions.\r\n\r\nEn 1864, lors du labourage des champs de l\u2019Onderste Herkenberg, de nombreux vestiges romains \u2014 pierres, tuiles, fragments de murs \u2014 apparaissent. Un an plus tard, le cur\u00e9 et archiviste du royaume Jozef Habets se rend \u00e0 Meerssen et commence des fouilles. Il met au jour un enchev\u00eatrement complexe de murs, de sols et de pi\u00e8ces. Devant le b\u00e2timent principal, il distingue deux bassins c\u00f4te \u00e0 c\u00f4te, qu\u2019il interpr\u00e8te alors comme un bain thermal.\r\n\r\nLors des recherches modernes en 2003 et 2014, les arch\u00e9ologues utilisent des technologies plus avanc\u00e9es, telles que le radar de sol et les mesures \u00e9lectromagn\u00e9tiques. Ce qu\u2019Habets consid\u00e9rait comme un bain s\u2019av\u00e8re \u00eatre deux bassins d\u2019eau, probablement des bassins ornementaux. Les nouvelles analyses montrent aussi que le complexe de la villa poss\u00e9dait un b\u00e2timent de bains distinct et assez vaste."},{"acf_fc_layout":"foto_tekst","foto":12771,"tekst":"<h3>Un cadeau pour Li\u00e8ge<\/h3>\r\nEntre les deux bassins, Habets d\u00e9couvre un squelette. Le corps est couch\u00e9 sur le ventre, la main droite pos\u00e9e \u00e0 l\u2019arri\u00e8re de la t\u00eate. Apparemment, l\u2019individu a \u00e9t\u00e9 enterr\u00e9 sans couverture, sans objets fun\u00e9raires ni autre mat\u00e9riel. En 1866, Habets envoie le squelette \u00e0 un mus\u00e9e de Li\u00e8ge, comme cadeau \u00e0 l\u2019\u00c9tat belge, car \u00e0 l\u2019\u00e9poque, Li\u00e8ge \u00e9tait consid\u00e9r\u00e9e comme le centre acad\u00e9mique de la r\u00e9gion du Limbourg.\r\n\r\nLe squelette est ensuite conserv\u00e9 dans le d\u00e9p\u00f4t du mus\u00e9e et tombe dans l\u2019oubli \u2014 sauf pour une br\u00e8ve mention lors d\u2019un inventaire en 1946. En 2024, il est red\u00e9couvert dans le cadre d\u2019une \u00e9tude sur les s\u00e9pultures dans les villas romaines. Ce squelette est choisi pour l\u2019analyse scientifique car, en raison de ses circonstances particuli\u00e8res (absence de couverture et posture inhabituelle), il constitue un exemple rare.\r\n\r\nPhoto : Arch\u00e9ologie en action \u2013 le squelette de Meerssen \u00e9tudi\u00e9 en 2024 en Belgique. Les restes \u00e9taient conserv\u00e9s au Mus\u00e9e de l\u2019Universit\u00e9 de Li\u00e8ge."},{"acf_fc_layout":"tekst","tekst":"<h3>Rachitisme et arthrite<\/h3>\r\nUne \u00e9quipe d\u2019arch\u00e9ologues belges et n\u00e9erlandais des universit\u00e9s KU Leuven, Radboud (Nim\u00e8gue), VU Amsterdam et VUB Bruxelles utilise plusieurs m\u00e9thodes : datation au carbone 14, analyse ost\u00e9ologique et analyse isotopique. Les r\u00e9sultats montrent qu\u2019il s\u2019agissait d\u2019un homme \u00e2g\u00e9 de 30 \u00e0 40 ans, dont l\u2019\u00e9tat de sant\u00e9 \u00e9tait mauvais. Les os des jambes pr\u00e9sentent une l\u00e9g\u00e8re courbure, probablement due \u00e0 une carence en vitamine D, signe pr\u00e9coce de rachitisme. L\u2019un des doigts semble d\u00e9form\u00e9 par l\u2019arthrite. Ces pathologies indiquent une vie difficile et p\u00e9nible. Les chercheurs ne trouvent aucune trace de violence, mais le cr\u00e2ne est endommag\u00e9, peut-\u00eatre \u00e0 la suite d\u2019une chute sur le sol carrel\u00e9 entre les bassins."},{"acf_fc_layout":"tekst_quote","tekst":"<h3>Pas originaire de Meerssen<\/h3>\r\nLa datation au carbone 14 situe la mort de l\u2019homme entre 250 et 450 apr\u00e8s J.-C. En 1865, Habets pensait encore qu\u2019il s\u2019agissait d\u2019un envahisseur germanique mort vers 170 apr\u00e8s J.-C. L\u2019analyse isotopique apporte de nouvelles pr\u00e9cisions : bien que le squelette ait \u00e9t\u00e9 trouv\u00e9 \u00e0 Meerssen, l\u2019homme n\u2019\u00e9tait pas originaire du sud du Limbourg. Au cours de sa vie, il semble avoir modifi\u00e9 son r\u00e9gime alimentaire et chang\u00e9 de r\u00e9gion, signe d\u2019une migration. Les scientifiques comparent actuellement les profils isotopiques de plusieurs r\u00e9gions en Allemagne, au Royaume-Uni et en Belgique, dans l\u2019espoir d\u2019identifier la r\u00e9gion d\u2019origine. Ce qui est certain, c\u2019est qu\u2019il ne vivait pas dans la villa : celle-ci \u00e9tait d\u00e9j\u00e0 abandonn\u00e9e au moment de sa mort.","quote":"Un envahisseur germanique ? Mort vers 170 apr\u00e8s J.-C. ?","naam":"Jozef Habets"},{"acf_fc_layout":"tekst","tekst":"<h3>O\u00f9 maintenant<\/h3>\r\nIl s\u2019agit d\u2019une premi\u00e8re \u00e9tude, et les chercheurs esp\u00e8rent analyser d\u2019autres squelettes provenant de la r\u00e9gion. Aux IV\u1d49 et V\u1d49 si\u00e8cles, les inhumations deviennent courantes dans le nord-ouest de l\u2019Empire romain ; auparavant, les Romains privil\u00e9giaient la cr\u00e9mation.\r\nLa d\u00e9couverte de restes humains dans plusieurs villas romaines sugg\u00e8re que laisser des corps non enterr\u00e9s pouvait \u00eatre une fa\u00e7on symbolique de quitter un \u00e9tablissement. On trouve des exemples similaires ailleurs en Europe occidentale, mais des recherches compl\u00e9mentaires sont n\u00e9cessaires pour confirmer cette hypoth\u00e8se.\r\nL\u2019exposition \u00ab Villas romaines du Limbourg \u00bb, organis\u00e9e par le Rijksmuseum van Oudheden, le Limburgs Museum et le Mus\u00e9e romain, vise justement \u00e0 remettre en lumi\u00e8re des sites anciens comme Onderste Herkenberg et \u00e0 encourager de nouvelles recherches."},{"acf_fc_layout":"tekst_foto","tekst":"<h3>R\u00e9sidence de luxe et ferme<\/h3>\r\nLe long de la Houthemerweg \u00e0 Meerssen, sous un grand champ bordant la Via Belgica, reposent les vestiges de la villa Onderste Herkenberg : la plus grande villa rustica d\u00e9couverte aux Pays-Bas. C\u2019\u00e9tait une r\u00e9sidence luxueuse appartenant \u00e0 de riches agriculteurs qui profitaient de la douceur de vivre dans la vall\u00e9e de la Geul.\r\n\r\nLes mosa\u00efques, les murs peints et enduits, ainsi que le chauffage par le sol t\u00e9moignent d\u2019un cadre de vie raffin\u00e9. Une belle reconstitution montre un b\u00e2timent principal avec colonnade couverte, pans de bois et jardin orn\u00e9 de bassins d\u00e9coratifs \u2013 une image vivante du confort romain dans le paysage n\u00e9erlandais.\r\n\r\nIllustration : dessin r\u00e9alis\u00e9 lors des fouilles de 1865. Le squelette fut trouv\u00e9 entre les deux petits bassins rectangulaires en bas du dessin.","foto":12775}]},"_links":{"self":[{"href":"https:\/\/www.viabelgica.nl\/fr\/wp-json\/wp\/v2\/posts\/15552","targetHints":{"allow":["GET"]}}],"collection":[{"href":"https:\/\/www.viabelgica.nl\/fr\/wp-json\/wp\/v2\/posts"}],"about":[{"href":"https:\/\/www.viabelgica.nl\/fr\/wp-json\/wp\/v2\/types\/post"}],"author":[{"embeddable":true,"href":"https:\/\/www.viabelgica.nl\/fr\/wp-json\/wp\/v2\/users\/10"}],"replies":[{"embeddable":true,"href":"https:\/\/www.viabelgica.nl\/fr\/wp-json\/wp\/v2\/comments?post=15552"}],"version-history":[{"count":2,"href":"https:\/\/www.viabelgica.nl\/fr\/wp-json\/wp\/v2\/posts\/15552\/revisions"}],"predecessor-version":[{"id":15557,"href":"https:\/\/www.viabelgica.nl\/fr\/wp-json\/wp\/v2\/posts\/15552\/revisions\/15557"}],"acf:term":[{"embeddable":true,"taxonomy":"category","href":"https:\/\/www.viabelgica.nl\/fr\/wp-json\/wp\/v2\/categories\/34"}],"wp:attachment":[{"href":"https:\/\/www.viabelgica.nl\/fr\/wp-json\/wp\/v2\/media?parent=15552"}],"wp:term":[{"taxonomy":"category","embeddable":true,"href":"https:\/\/www.viabelgica.nl\/fr\/wp-json\/wp\/v2\/categories?post=15552"},{"taxonomy":"post_tag","embeddable":true,"href":"https:\/\/www.viabelgica.nl\/fr\/wp-json\/wp\/v2\/tags?post=15552"}],"curies":[{"name":"wp","href":"https:\/\/api.w.org\/{rel}","templated":true}]}}