
{"id":16722,"date":"2025-11-10T20:43:29","date_gmt":"2025-11-10T18:43:29","guid":{"rendered":"https:\/\/www.viabelgica.nl\/klik-tussen-wetenschap-erfgoed-en-publiek\/"},"modified":"2025-11-15T15:20:38","modified_gmt":"2025-11-15T13:20:38","slug":"klik-tussen-wetenschap-erfgoed-en-publiek","status":"publish","type":"post","link":"https:\/\/www.viabelgica.nl\/fr\/klik-tussen-wetenschap-erfgoed-en-publiek\/","title":{"rendered":"Clic entre science, patrimoine et public"},"content":{"rendered":"","protected":false},"excerpt":{"rendered":"","protected":false},"author":10,"featured_media":0,"comment_status":"closed","ping_status":"closed","sticky":false,"template":"","format":"standard","meta":{"_acf_changed":false,"inline_featured_image":false,"footnotes":""},"categories":[],"tags":[],"class_list":["post-16722","post","type-post","status-publish","format-standard","hentry"],"acf":{"categorie":34,"afbeelding":16672,"auteur":"Harry Lindelauf","fotografie":"Anja Neskens","contentbuilder":[{"acf_fc_layout":"tekst","tekst":"<h3>La mise en service d\u2019un banc Via Belgica et une prospection arch\u00e9ologique de terrain furent, le samedi 8 novembre 2025, les ingr\u00e9dients d\u2019un beau lien entre science, patrimoine et public.<\/h3>\r\n&nbsp;\r\n\r\n&nbsp;"},{"acf_fc_layout":"tekst_foto","tekst":"Le lieu \u00e9tait la vall\u00e9e romaine \u00e0 Bocholtz, pr\u00e8s de l\u2019endroit o\u00f9 les vestiges de la villa romaine Vlengendaal avaient \u00e9t\u00e9 d\u00e9couverts auparavant. Le coordonnateur Beno\u00eet Mater a pu ouvrir les festivit\u00e9s au nom du Mus\u00e9e Romain de Heerlen avec une courte explication sur le projet Villas romaines au Limbourg. Ensuite, la cheffe de projet Anja Neskens, au nom de Via Belgica, a soulign\u00e9 l\u2019importance durable de l\u2019infrastructure romaine pour la r\u00e9gion. L\u2019adjoint au maire Hub Hodinius de Simpelveld a donn\u00e9 le signal officiel pour la mise en service du nouveau banc Via Belgica, qui fut ensuite symboliquement b\u00e9ni par le propri\u00e9taire de la villa romaine.\r\n\r\nLe banc Via Belgica est un design de Studio BKL.","foto":16692},{"acf_fc_layout":"foto_tekst","foto":16684,"tekst":"<h3>Recherche de terrain \u00e0 Vlengendaal<\/h3>\r\nApr\u00e8s la partie officielle, une vingtaine de b\u00e9n\u00e9voles ont commenc\u00e9, en deux tours, une prospection arch\u00e9ologique de terrain. Cela consiste \u00e0 parcourir syst\u00e9matiquement le site et \u00e0 rechercher des objets en surface. Pour cette prospection, le terrain situ\u00e9 dans l\u2019environnement direct de la villa romaine Vlengendaal avait \u00e9t\u00e9 choisi, un lieu dot\u00e9 d\u2019un riche pass\u00e9.\r\nLa r\u00e9colte consistait principalement en mat\u00e9riaux de construction romains que des \u00e9tudiants de l\u2019Universit\u00e9 Radboud vont d\u00e9terminer et analyser. L\u2019espoir est que les d\u00e9couvertes offriront de nouveaux \u00e9clairages sur l\u2019histoire de la villa Vlengendaal.\r\n\r\nLa prospection fait partie d\u2019un essai de l\u2019Universit\u00e9 Radboud de Nim\u00e8gue, qui souhaite dans les prochaines ann\u00e9es mener des recherches similaires en Afrique du Sud-Limbourg sur les villas romaines."},{"acf_fc_layout":"tekst_foto","tekst":"<h3>Exposition<\/h3>\r\nL\u2019inauguration du banc Via Belgica et la prospection font partie du projet Villas romaines au Limbourg, dont l\u2019exposition \u00e9ponyme est visible jusqu\u2019au 4 janvier \u00e0 De Vondst \u00e0 Heerlen (Raadhuisplein 20). Le projet, rendu possible en partie gr\u00e2ce \u00e0 une contribution du Fonds Mondriaan, est une collaboration entre le Mus\u00e9e National des Antiquit\u00e9s de Leyde, le Limburgs Museum de Venlo et le Mus\u00e9e Romain de Heerlen.","foto":16696}]},"_links":{"self":[{"href":"https:\/\/www.viabelgica.nl\/fr\/wp-json\/wp\/v2\/posts\/16722","targetHints":{"allow":["GET"]}}],"collection":[{"href":"https:\/\/www.viabelgica.nl\/fr\/wp-json\/wp\/v2\/posts"}],"about":[{"href":"https:\/\/www.viabelgica.nl\/fr\/wp-json\/wp\/v2\/types\/post"}],"author":[{"embeddable":true,"href":"https:\/\/www.viabelgica.nl\/fr\/wp-json\/wp\/v2\/users\/10"}],"replies":[{"embeddable":true,"href":"https:\/\/www.viabelgica.nl\/fr\/wp-json\/wp\/v2\/comments?post=16722"}],"version-history":[{"count":2,"href":"https:\/\/www.viabelgica.nl\/fr\/wp-json\/wp\/v2\/posts\/16722\/revisions"}],"predecessor-version":[{"id":16727,"href":"https:\/\/www.viabelgica.nl\/fr\/wp-json\/wp\/v2\/posts\/16722\/revisions\/16727"}],"acf:term":[{"embeddable":true,"taxonomy":"category","href":"https:\/\/www.viabelgica.nl\/fr\/wp-json\/wp\/v2\/categories\/34"}],"wp:attachment":[{"href":"https:\/\/www.viabelgica.nl\/fr\/wp-json\/wp\/v2\/media?parent=16722"}],"wp:term":[{"taxonomy":"category","embeddable":true,"href":"https:\/\/www.viabelgica.nl\/fr\/wp-json\/wp\/v2\/categories?post=16722"},{"taxonomy":"post_tag","embeddable":true,"href":"https:\/\/www.viabelgica.nl\/fr\/wp-json\/wp\/v2\/tags?post=16722"}],"curies":[{"name":"wp","href":"https:\/\/api.w.org\/{rel}","templated":true}]}}