
{"id":16796,"date":"2023-05-12T19:09:32","date_gmt":"2023-05-12T17:09:32","guid":{"rendered":"https:\/\/www.viabelgica.nl\/speciale-vondst-geschonken-door-jos-kortis-uit-voerendaal\/"},"modified":"2025-11-15T16:02:45","modified_gmt":"2025-11-15T14:02:45","slug":"speciale-vondst-geschonken-door-jos-kortis-uit-voerendaal","status":"publish","type":"post","link":"https:\/\/www.viabelgica.nl\/fr\/speciale-vondst-geschonken-door-jos-kortis-uit-voerendaal\/","title":{"rendered":"D\u00e9couverte sp\u00e9ciale offerte par Jos Kortis de Voerendaal"},"content":{"rendered":"","protected":false},"excerpt":{"rendered":"","protected":false},"author":10,"featured_media":0,"comment_status":"closed","ping_status":"closed","sticky":false,"template":"","format":"standard","meta":{"_acf_changed":false,"inline_featured_image":false,"footnotes":""},"categories":[],"tags":[],"class_list":["post-16796","post","type-post","status-publish","format-standard","hentry"],"acf":{"categorie":null,"afbeelding":10223,"auteur":"Anja Neskens","fotografie":"L\u00e9 Giesen en De Limburger","contentbuilder":[{"acf_fc_layout":"tekst","tekst":"<div class=\"\" data-block=\"true\" data-editor=\"550dc\" data-offset-key=\"7g4ks-0-0\">\r\n<div class=\"_1mf _1mj\" data-offset-key=\"7g4ks-0-0\" data-auto-logging-id=\"f25c0d957b61f9\">\r\n\r\nDans un champ \u00e0 Voerendaal, Jos Kortis (63 ans) a d\u00e9couvert, adolescent, une pierre particuli\u00e8re. La semaine derni\u00e8re, il l\u2019a remise au Limburgs Museum. Selon le chercheur Henk Hiddink et la conservatrice Bibi Beekman, il pourrait s\u2019agir d\u2019une colonnette provenant de la villa de Voerendaal. La colonne a donc au moins 1 800 ans.\r\n\r\nPendant 47 ans, il a gard\u00e9 dans sa chambre une d\u00e9couverte arch\u00e9ologique unique : un fragment d\u2019une petite colonne d\u00e9corative. Selon Henk Hiddink, cette colonnette a peut-\u00eatre \u00e9t\u00e9 r\u00e9utilis\u00e9e au Moyen \u00c2ge comme pierre \u00e0 aiguiser pour des outils agricoles. Des recherches compl\u00e9mentaires sont n\u00e9cessaires pour en \u00eatre certain.\r\n\r\nLa conservatrice Bibi Beekman, du Limburgs Museum, a \u00e9t\u00e9 tr\u00e8s enthousiaste lorsque Jos a envoy\u00e9 un courriel au sujet de cette d\u00e9couverte. C\u2019est un bel enrichissement pour la collection du Limburgs Museum. L\u2019ann\u00e9e prochaine, cette trouvaille unique accompagnera l\u2019exposition sur le paysage des villas romaines, en collaboration avec le Rijksmuseum van Oudheden, le Limburgs Museum et le Thermenmuseum de Heerlen.\r\n\r\nPersonnes sur la photo de gauche \u00e0 droite : Henk Hiddink, Bibi Beekman et Jos Kortis.\r\n\r\n<\/div>\r\n<\/div>"}]},"_links":{"self":[{"href":"https:\/\/www.viabelgica.nl\/fr\/wp-json\/wp\/v2\/posts\/16796","targetHints":{"allow":["GET"]}}],"collection":[{"href":"https:\/\/www.viabelgica.nl\/fr\/wp-json\/wp\/v2\/posts"}],"about":[{"href":"https:\/\/www.viabelgica.nl\/fr\/wp-json\/wp\/v2\/types\/post"}],"author":[{"embeddable":true,"href":"https:\/\/www.viabelgica.nl\/fr\/wp-json\/wp\/v2\/users\/10"}],"replies":[{"embeddable":true,"href":"https:\/\/www.viabelgica.nl\/fr\/wp-json\/wp\/v2\/comments?post=16796"}],"version-history":[{"count":2,"href":"https:\/\/www.viabelgica.nl\/fr\/wp-json\/wp\/v2\/posts\/16796\/revisions"}],"predecessor-version":[{"id":16803,"href":"https:\/\/www.viabelgica.nl\/fr\/wp-json\/wp\/v2\/posts\/16796\/revisions\/16803"}],"wp:attachment":[{"href":"https:\/\/www.viabelgica.nl\/fr\/wp-json\/wp\/v2\/media?parent=16796"}],"wp:term":[{"taxonomy":"category","embeddable":true,"href":"https:\/\/www.viabelgica.nl\/fr\/wp-json\/wp\/v2\/categories?post=16796"},{"taxonomy":"post_tag","embeddable":true,"href":"https:\/\/www.viabelgica.nl\/fr\/wp-json\/wp\/v2\/tags?post=16796"}],"curies":[{"name":"wp","href":"https:\/\/api.w.org\/{rel}","templated":true}]}}