
{"id":16808,"date":"2023-05-03T20:00:06","date_gmt":"2023-05-03T18:00:06","guid":{"rendered":"https:\/\/www.viabelgica.nl\/een-kijkje-in-een-1-900-jaar-oude-kelder-dat-kan-straks-in-heerlen\/"},"modified":"2025-11-15T16:15:21","modified_gmt":"2025-11-15T14:15:21","slug":"een-kijkje-in-een-1-900-jaar-oude-kelder-dat-kan-straks-in-heerlen","status":"publish","type":"post","link":"https:\/\/www.viabelgica.nl\/fr\/een-kijkje-in-een-1-900-jaar-oude-kelder-dat-kan-straks-in-heerlen\/","title":{"rendered":"Un aper\u00e7u d\u2019une cave vieille de 1 900 ans \u2014 bient\u00f4t possible \u00e0 Heerlen"},"content":{"rendered":"","protected":false},"excerpt":{"rendered":"","protected":false},"author":10,"featured_media":0,"comment_status":"closed","ping_status":"closed","sticky":false,"template":"","format":"standard","meta":{"_acf_changed":false,"inline_featured_image":false,"footnotes":""},"categories":[],"tags":[],"class_list":["post-16808","post","type-post","status-publish","format-standard","hentry"],"acf":{"categorie":34,"afbeelding":10103,"auteur":"Harry Lindelauf","fotografie":"Gemeente Heerlen","contentbuilder":[{"acf_fc_layout":"tekst","tekst":"<p class=\"Hoofdtekst\" style=\"line-height: 150%;\"><b>Elle se trouve tr\u00e8s justement dans la rue Coriovallum \u00e0 Heerlen et a \u00e9t\u00e9 construite il y a 1 900 ans comme partie d\u2019une maison d\u2019habitation. Il s\u2019agit de la cave romaine situ\u00e9e sous la cave du bureau de l\u2019agence immobili\u00e8re Aquina.<\/b><\/p>\r\n<p class=\"Hoofdtekst\" style=\"line-height: 150%;\"><\/p>"},{"acf_fc_layout":"tekst_foto","tekst":"En 2022, la cave a \u00e9t\u00e9 nettoy\u00e9e, mesur\u00e9e et document\u00e9e dans des dessins d\u00e9taill\u00e9s et des photographies. Selon l\u2019arch\u00e9ologue Yannick Raczynski-Henk, certaines choses sont devenues claires lors de ces travaux et d\u2019autres (malheureusement) sont rest\u00e9es obscures. Il a partag\u00e9 ses observations le 1er avril 2023 avec les visiteurs de la Journ\u00e9e de l\u2019arch\u00e9ologie limbourgeoise au Limburgs Museum de Venlo.\r\n\r\nCommen\u00e7ons par ce qui est clair : la cave a \u00e9t\u00e9 construite au premier si\u00e8cle. Les murs sont en pierre de Kunrade, les arcs ma\u00e7onn\u00e9s au-dessus des niches sont en marne et les Romains ont utilis\u00e9 du b\u00e9ton rouge pour le sol. Il est \u00e9galement clair que la cave a \u00e9t\u00e9 combl\u00e9e de gravats vers l\u2019an 270. De la terre et des fragments de c\u00e9ramique \u2014 tels que bols et mortiers \u2014 y sont alors tomb\u00e9s. Les restes les plus r\u00e9cents datent de 270, p\u00e9riode durant laquelle des tribus germaniques menaient des raids \u00e0 grande \u00e9chelle dans la r\u00e9gion, pillant et incendiant maisons et fermes.\r\n\r\nUn \u00e9l\u00e9ment particulier dans le remplissage est un fragment de lampe \u00e0 huile \u00e0 plusieurs m\u00e8ches. Ce type de lampe \u00e0 huile n\u2019avait encore jamais \u00e9t\u00e9 trouv\u00e9 en Limbourg m\u00e9ridional.","foto":10160},{"acf_fc_layout":"foto_tekst","foto":10157,"tekst":"<h3>S\u2019agissait-il d\u2019une cave \u00e0 vin ?<\/h3>\r\nC\u2019est ici que la liste des certitudes s\u2019arr\u00eate. La s\u00e9rie des incertitudes commence avec les dimensions. L\u2019espace d\u00e9couvert en 1952 mesure 3,2 m\u00e8tres sur 3,2 m\u00e8tres. Mais dans un angle, on a trouv\u00e9 le d\u00e9part d\u2019un pilier de soutien pour une vo\u00fbte d\u2019ar\u00eates, dont une partie se trouve en dehors de l\u2019espace actuel. Il est possible que la pi\u00e8ce ait \u00e9t\u00e9 plus longue que 3,2 m\u00e8tres.\r\n\r\nUn autre myst\u00e8re est la fonction de la cave. Les trois niches ma\u00e7onn\u00e9es sont remarquables, tout comme l\u2019ext\u00e9rieur. Celui-ci a \u00e9t\u00e9 rendu \u00e9tanche \u00e0 l\u2019eau gr\u00e2ce \u00e0 un travail consid\u00e9rable : d\u2019abord une couche d\u2019enduit d\u2019argile grasse bleut\u00e9e contre la pierre de Kunrade, ensuite des tuiles dress\u00e9es verticalement, et enfin, en couche ext\u00e9rieure, un enduit de mortier de b\u00e9ton. La question est donc : pourquoi tant de protection contre l\u2019humidit\u00e9 ? Une r\u00e9ponse possible : l\u2019\u00e9vacuation du bain romain passait peut-\u00eatre par ici. Mais aucune preuve n\u2019a \u00e9t\u00e9 trouv\u00e9e."},{"acf_fc_layout":"tekst_foto","tekst":"Il n\u2019est pas clair non plus \u00e0 quoi servait la cave. Les niches, le sol en b\u00e9ton et la protection particuli\u00e8re contre l\u2019humidit\u00e9 d\u00e9passent le simple niveau d\u2019un espace de stockage ordinaire et \u00e9voquent la possibilit\u00e9 d\u2019une cave \u00e0 vin.\r\n<h3>Nouvelle exp\u00e9rience de visite<\/h3>\r\nApr\u00e8s l\u2019\u00e9tude et le nettoyage, les visiteurs auront bient\u00f4t une meilleure vue de la cave. La municipalit\u00e9 de Heerlen d\u00e9veloppe actuellement un nouveau module de visualisation pour renforcer l\u2019exp\u00e9rience. Plus d\u2019informations suivront.","foto":10154}]},"_links":{"self":[{"href":"https:\/\/www.viabelgica.nl\/fr\/wp-json\/wp\/v2\/posts\/16808","targetHints":{"allow":["GET"]}}],"collection":[{"href":"https:\/\/www.viabelgica.nl\/fr\/wp-json\/wp\/v2\/posts"}],"about":[{"href":"https:\/\/www.viabelgica.nl\/fr\/wp-json\/wp\/v2\/types\/post"}],"author":[{"embeddable":true,"href":"https:\/\/www.viabelgica.nl\/fr\/wp-json\/wp\/v2\/users\/10"}],"replies":[{"embeddable":true,"href":"https:\/\/www.viabelgica.nl\/fr\/wp-json\/wp\/v2\/comments?post=16808"}],"version-history":[{"count":2,"href":"https:\/\/www.viabelgica.nl\/fr\/wp-json\/wp\/v2\/posts\/16808\/revisions"}],"predecessor-version":[{"id":16813,"href":"https:\/\/www.viabelgica.nl\/fr\/wp-json\/wp\/v2\/posts\/16808\/revisions\/16813"}],"acf:term":[{"embeddable":true,"taxonomy":"category","href":"https:\/\/www.viabelgica.nl\/fr\/wp-json\/wp\/v2\/categories\/34"}],"wp:attachment":[{"href":"https:\/\/www.viabelgica.nl\/fr\/wp-json\/wp\/v2\/media?parent=16808"}],"wp:term":[{"taxonomy":"category","embeddable":true,"href":"https:\/\/www.viabelgica.nl\/fr\/wp-json\/wp\/v2\/categories?post=16808"},{"taxonomy":"post_tag","embeddable":true,"href":"https:\/\/www.viabelgica.nl\/fr\/wp-json\/wp\/v2\/tags?post=16808"}],"curies":[{"name":"wp","href":"https:\/\/api.w.org\/{rel}","templated":true}]}}