
{"id":16820,"date":"2023-04-29T08:30:10","date_gmt":"2023-04-29T06:30:10","guid":{"rendered":"https:\/\/www.viabelgica.nl\/1300-paginas-expertkennis-over-villa-voerendaal\/"},"modified":"2025-11-15T16:25:20","modified_gmt":"2025-11-15T14:25:20","slug":"1300-paginas-expertkennis-over-villa-voerendaal","status":"publish","type":"post","link":"https:\/\/www.viabelgica.nl\/fr\/1300-paginas-expertkennis-over-villa-voerendaal\/","title":{"rendered":"1 300 pages de connaissances d\u2019experts sur la villa de Voerendaal"},"content":{"rendered":"","protected":false},"excerpt":{"rendered":"","protected":false},"author":10,"featured_media":0,"comment_status":"closed","ping_status":"closed","sticky":false,"template":"","format":"standard","meta":{"_acf_changed":false,"inline_featured_image":false,"footnotes":""},"categories":[],"tags":[],"class_list":["post-16820","post","type-post","status-publish","format-standard","hentry"],"acf":{"categorie":34,"afbeelding":10151,"auteur":"Harry Lindelauf","fotografie":"Mikko Kriek","contentbuilder":[{"acf_fc_layout":"tekst","tekst":"<h2 class=\"Hoofdtekst\" style=\"line-height: 150%;\">M\u00eame au niveau europ\u00e9en, on l\u2019attendait avec impatience : le rapport qui rassemble toutes les connaissances scientifiques sur la villa rustica romaine de Voerendaal. Le 31 mars 2023, apr\u00e8s trois ann\u00e9es de recherches, il a enfin \u00e9t\u00e9 pr\u00e9sent\u00e9 lors d\u2019un colloque au Limburgs Museum de Venlo.<\/h2>\r\nLe document en anglais, qui compte pas moins de 1 300 pages, est, selon le pr\u00e9sident de s\u00e9ance Leonard de Wit du Service national du Patrimoine culturel (RCE), \u00ab une f\u00eate pour la communaut\u00e9 arch\u00e9ologique internationale \u00bb. Gr\u00e2ce \u00e0 la recherche et \u00e0 la publication, les vestiges enfouis sous les champs le long de la Steinweg sont d\u00e9sormais consid\u00e9r\u00e9s comme l\u2019une des villas les mieux \u00e9tudi\u00e9es des Pays-Bas.\r\nLe nouveau travail offre plusieurs perspectives nouvelles : il y avait plus de b\u00e2timents en bois sur le site qu\u2019on ne le pensait, datant du N\u00e9olithique au haut Moyen \u00c2ge. La datation des vestiges romains a \u00e9galement pu \u00eatre d\u00e9termin\u00e9e plus pr\u00e9cis\u00e9ment."},{"acf_fc_layout":"foto_tekst","foto":10148,"tekst":"<h3>Un stockage pour 100 000 kilos de c\u00e9r\u00e9ales<\/h3>\r\nLes faits montrent qu\u2019il s\u2019agit du plus grand domaine agricole romain parmi plus de 65 d\u00e9couverts aux Pays-Bas. \u00c0 Voerendaal, sur 13 hectares de terre loess fertile, on cultivait principalement l\u2019\u00e9peautre destin\u00e9 aux soldats des forts le long du Rhin.\r\n\r\nLa villa comprenait de nombreux b\u00e2timents construits successivement en pierre de Kunrade. La premi\u00e8re villa date de la p\u00e9riode allant de 70 \u00e0 100 apr\u00e8s J.-C., la seconde et grande villa d\u2019environ 125. La colonnade de cette villa mesurait pas moins de 150 m\u00e8tres de long, il y avait des thermes avec latrines, et le grenier pouvait stocker environ 100 000 kilos de c\u00e9r\u00e9ales. Il existe des indications qu\u2019un second grenier aurait m\u00eame \u00e9t\u00e9 construit."},{"acf_fc_layout":"tekst","tekst":"<h3>Retour dans le pass\u00e9<\/h3>\r\nLa datation de grains br\u00fbl\u00e9s dans des recherches r\u00e9centes indique qu\u2019entre 250 et 270 apr\u00e8s J.-C., le grand grenier a \u00e9t\u00e9 d\u00e9truit par un incendie. Cause la plus probable : des Germains pilleurs. Vers l\u2019an 320, les Romains quittent les lieux. Sur le site de la villa, les agriculteurs du haut Moyen \u00c2ge reviennent en arri\u00e8re dans le temps : ils construisent leurs maisons-granges en bois et poursuivent l\u2019exploitation du terrain o\u00f9, d\u00e9j\u00e0 \u00e0 l\u2019\u00e2ge du Fer, des habitants vivaient dans des maisons semi-enterr\u00e9es en bois."},{"acf_fc_layout":"tekst_foto","tekst":"<a href=\"https:\/\/www.cultureelerfgoed.nl\/publicaties\/publicaties\/2023\/01\/01\/villa-voerendaal\">Le rapport est disponible en six parties sur le site du RCE<\/a> (en anglais).\r\n\r\nLe rapport est \u00e9crit par et pour des arch\u00e9ologues. Pour une lecture plus accessible des r\u00e9sultats de trois ann\u00e9es de recherche, il existe le livre Villa Voerendaal, van vondst naar verrassend verhaal. Il a \u00e9t\u00e9 publi\u00e9 par <a href=\"https:\/\/www.limburgsmuseum.nl\">le Limburgs Museum<\/a> de Venlo et est en vente dans la boutique du mus\u00e9e.","foto":10151}]},"_links":{"self":[{"href":"https:\/\/www.viabelgica.nl\/fr\/wp-json\/wp\/v2\/posts\/16820","targetHints":{"allow":["GET"]}}],"collection":[{"href":"https:\/\/www.viabelgica.nl\/fr\/wp-json\/wp\/v2\/posts"}],"about":[{"href":"https:\/\/www.viabelgica.nl\/fr\/wp-json\/wp\/v2\/types\/post"}],"author":[{"embeddable":true,"href":"https:\/\/www.viabelgica.nl\/fr\/wp-json\/wp\/v2\/users\/10"}],"replies":[{"embeddable":true,"href":"https:\/\/www.viabelgica.nl\/fr\/wp-json\/wp\/v2\/comments?post=16820"}],"version-history":[{"count":2,"href":"https:\/\/www.viabelgica.nl\/fr\/wp-json\/wp\/v2\/posts\/16820\/revisions"}],"predecessor-version":[{"id":16825,"href":"https:\/\/www.viabelgica.nl\/fr\/wp-json\/wp\/v2\/posts\/16820\/revisions\/16825"}],"acf:term":[{"embeddable":true,"taxonomy":"category","href":"https:\/\/www.viabelgica.nl\/fr\/wp-json\/wp\/v2\/categories\/34"}],"wp:attachment":[{"href":"https:\/\/www.viabelgica.nl\/fr\/wp-json\/wp\/v2\/media?parent=16820"}],"wp:term":[{"taxonomy":"category","embeddable":true,"href":"https:\/\/www.viabelgica.nl\/fr\/wp-json\/wp\/v2\/categories?post=16820"},{"taxonomy":"post_tag","embeddable":true,"href":"https:\/\/www.viabelgica.nl\/fr\/wp-json\/wp\/v2\/tags?post=16820"}],"curies":[{"name":"wp","href":"https:\/\/api.w.org\/{rel}","templated":true}]}}