
{"id":16832,"date":"2023-04-19T10:44:31","date_gmt":"2023-04-19T08:44:31","guid":{"rendered":"https:\/\/www.viabelgica.nl\/dame-van-voerendaal-betreedt-dansend-het-toneel\/"},"modified":"2025-11-15T16:29:27","modified_gmt":"2025-11-15T14:29:27","slug":"dame-van-voerendaal-betreedt-dansend-het-toneel","status":"publish","type":"post","link":"https:\/\/www.viabelgica.nl\/fr\/dame-van-voerendaal-betreedt-dansend-het-toneel\/","title":{"rendered":"La Dame de Voerendaal entre en sc\u00e8ne en dansant"},"content":{"rendered":"","protected":false},"excerpt":{"rendered":"","protected":false},"author":10,"featured_media":0,"comment_status":"closed","ping_status":"closed","sticky":false,"template":"","format":"standard","meta":{"_acf_changed":false,"inline_featured_image":false,"footnotes":""},"categories":[],"tags":[],"class_list":["post-16832","post","type-post","status-publish","format-standard","hentry"],"acf":{"categorie":34,"afbeelding":10109,"auteur":"Harry Lindelauf","fotografie":"Ritmo","contentbuilder":[{"acf_fc_layout":"tekst","tekst":"La \u00ab Dame de Voerendaal \u00bb sera sur sc\u00e8ne les 3 et 4 juin au th\u00e9\u00e2tre de Heerlen. Avec trois autres femmes fortes de l\u2019histoire de Voerendaal, elle joue le r\u00f4le principal dans le spectacle de danse Fort de l\u2019association de danse Ritmo.\r\n\r\nFort est l\u2019histoire \u00e9crite par Ricky Domen autour de quatre femmes fortes issues de 2 000 ans d\u2019histoire de Voerendaal : la Romaine Lucia (Dame de Voerendaal), la nymphe des eaux Aldegonde vers l\u2019an 800, Anna-Maria, la demoiselle du Moyen \u00c2ge, et Lidy de l\u2019\u00e9poque moderne. Dans l\u2019histoire de Lucia, la ferme romaine de la Steinweg occupe une place centrale, avec pour fil conducteur les r\u00e9partitions (classiques) des r\u00f4les entre riches et pauvres, ma\u00eetres et esclaves, hommes et femmes. Aldegonde est une jeune noble vivant vers 800 au ch\u00e2teau de Cortenbach. Sa vie est marqu\u00e9e par des difficult\u00e9s et des complications li\u00e9es \u00e0 ses parents. Finalement, elle se noie apr\u00e8s une lutte dans l\u2019\u00e9tang du ch\u00e2teau de Cortenbach. Lors de nuits orageuses, elle se rel\u00e8ve et erre comme un fant\u00f4me dans Voerendaal \u00e0 la recherche de sa m\u00e8re.\r\n\r\nMaisons nobles et smartphones\r\nLa troisi\u00e8me femme forte est la demoiselle qui fit construire le Freuleshoes, qui porte son nom, \u00e0 c\u00f4t\u00e9 de l\u2019\u00e9glise. En raison de son origine noble, elle doit \u00e9tudier \u00e0 Aix-la-Chapelle, mais se retrouve confront\u00e9e au d\u00e9c\u00e8s de ses parents. Ensuite, un fr\u00e8re abuse de la situation et veille \u00e0 ce que le ch\u00e2teau familial, Dammerscheidt, soit perdu.\r\n\r\nLe quatuor de femmes fortes se termine avec Lidy. Son histoire commence pendant la Seconde Guerre mondiale, suit la reconstruction et se termine en 2023, avec r\u00e9seaux sociaux et smartphones.\r\n\r\nDes racines dans l\u2019histoire\r\nL\u2019histoire de Fort, gr\u00e2ce \u00e0 la collaboration de Jo Ortmans et Wil Maassen, est solidement ancr\u00e9e dans l\u2019histoire de Voerendaal. Pour la dramaturgie, une partie de fiction a \u00e9t\u00e9 ajout\u00e9e. Par exemple, on ne sait pas si la Dame de Voerendaal vivait dans la villa romaine de la Steinweg.\r\nLe public peut suivre l\u2019histoire gr\u00e2ce aux explications que donnent les quatre femmes fortes durant leurs interventions. L\u2019histoire compl\u00e8te sera probablement publi\u00e9e dans le livret de programme.\r\n\r\n250 danseurs et danseuses\r\nLors des repr\u00e9sentations, 250 danseurs et danseuses montent sur sc\u00e8ne. La chor\u00e9graphie est assur\u00e9e par six professeurs de Ritmo. L\u2019association existe depuis 1979 et propose des cours de danse dans de nombreux styles pour tous les \u00e2ges. En outre, une partie des membres de Ritmo forme le groupe de spectacle Scope.\r\n\r\nRepr\u00e9sentations : samedi 3 juin \u00e0 19 h et dimanche 4 juin \u00e0 14 h, au Parkstad Limburg Theater \u00e0 Heerlen.\r\n\r\nBillets : https:\/\/www.plt.nl\/...\/dansvoorstelling...\/03-06-2023-19-00"}]},"_links":{"self":[{"href":"https:\/\/www.viabelgica.nl\/fr\/wp-json\/wp\/v2\/posts\/16832","targetHints":{"allow":["GET"]}}],"collection":[{"href":"https:\/\/www.viabelgica.nl\/fr\/wp-json\/wp\/v2\/posts"}],"about":[{"href":"https:\/\/www.viabelgica.nl\/fr\/wp-json\/wp\/v2\/types\/post"}],"author":[{"embeddable":true,"href":"https:\/\/www.viabelgica.nl\/fr\/wp-json\/wp\/v2\/users\/10"}],"replies":[{"embeddable":true,"href":"https:\/\/www.viabelgica.nl\/fr\/wp-json\/wp\/v2\/comments?post=16832"}],"version-history":[{"count":2,"href":"https:\/\/www.viabelgica.nl\/fr\/wp-json\/wp\/v2\/posts\/16832\/revisions"}],"predecessor-version":[{"id":16837,"href":"https:\/\/www.viabelgica.nl\/fr\/wp-json\/wp\/v2\/posts\/16832\/revisions\/16837"}],"acf:term":[{"embeddable":true,"taxonomy":"category","href":"https:\/\/www.viabelgica.nl\/fr\/wp-json\/wp\/v2\/categories\/34"}],"wp:attachment":[{"href":"https:\/\/www.viabelgica.nl\/fr\/wp-json\/wp\/v2\/media?parent=16832"}],"wp:term":[{"taxonomy":"category","embeddable":true,"href":"https:\/\/www.viabelgica.nl\/fr\/wp-json\/wp\/v2\/categories?post=16832"},{"taxonomy":"post_tag","embeddable":true,"href":"https:\/\/www.viabelgica.nl\/fr\/wp-json\/wp\/v2\/tags?post=16832"}],"curies":[{"name":"wp","href":"https:\/\/api.w.org\/{rel}","templated":true}]}}