
{"id":16939,"date":"2023-01-18T20:00:14","date_gmt":"2023-01-18T18:00:14","guid":{"rendered":"https:\/\/www.viabelgica.nl\/tongeren-krijgt-er-een-stukje-dodecaeder-bij\/"},"modified":"2025-11-15T17:22:41","modified_gmt":"2025-11-15T15:22:41","slug":"tongeren-krijgt-er-een-stukje-dodecaeder-bij","status":"publish","type":"post","link":"https:\/\/www.viabelgica.nl\/fr\/tongeren-krijgt-er-een-stukje-dodecaeder-bij\/","title":{"rendered":"Tongres re\u00e7oit un nouveau fragment de dod\u00e9ca\u00e8dre"},"content":{"rendered":"","protected":false},"excerpt":{"rendered":"","protected":false},"author":10,"featured_media":0,"comment_status":"closed","ping_status":"closed","sticky":false,"template":"","format":"standard","meta":{"_acf_changed":false,"inline_featured_image":false,"footnotes":""},"categories":[],"tags":[],"class_list":["post-16939","post","type-post","status-publish","format-standard","hentry"],"acf":{"categorie":null,"afbeelding":10064,"auteur":"Harry Lindelauf","fotografie":"Kris Vandevorst","contentbuilder":[{"acf_fc_layout":"tekst","tekst":"<h3>Tongres re\u00e7oit un nouveau fragment de dod\u00e9ca\u00e8dre<\/h3>\r\nLe Mus\u00e9e gallo-romain de Tongres \u00e9largira bient\u00f4t sa collection avec un fragment d\u2019un myst\u00e9rieux objet romain. Il s\u2019agit d\u2019un morceau de seulement deux centim\u00e8tres \u2014 un fragment d\u2019un dod\u00e9ca\u00e8dre.\r\n\r\nL\u2019arch\u00e9ologue amateur Patrick Schuermans d\u2019Alken a trouv\u00e9 ce fragment en bronze \u00e0 l\u2019aide d\u2019un d\u00e9tecteur de m\u00e9taux en 2021 \u00e0 Kortessem, entre Hasselt et Tongres. Il a signal\u00e9 sa d\u00e9couverte \u00e0 l\u2019agence belge de l\u2019Inventaire du Patrimoine immobilier, qui a examin\u00e9 le fragment de dod\u00e9ca\u00e8dre."},{"acf_fc_layout":"tekst_foto","tekst":"Au nord des Alpes, environ 120 dod\u00e9ca\u00e8dres ont \u00e9t\u00e9 trouv\u00e9s au total \u2014 deux en Belgique, deux aux Pays-Bas. L\u2019un des exemplaires belges complets peut \u00eatre vu au Mus\u00e9e gallo-romain et sera d\u00e9sormais rejoint par un fragment.\r\nAux Pays-Bas, un dod\u00e9ca\u00e8dre intact a \u00e9t\u00e9 d\u00e9couvert \u00e0 Elst. Entre Maastricht et Rothem, des fragments ont \u00e9galement \u00e9t\u00e9 trouv\u00e9s \u00e0 proximit\u00e9 de la Via Belgica.\r\n\r\nMalgr\u00e9 des recherches approfondies, on ne sait toujours pas \u00e0 quoi servaient ces dod\u00e9ca\u00e8dres \u00e0 douze faces. Ils mesurent entre 4,5 et 8,5 centim\u00e8tres et sont coul\u00e9s en bronze. Les petits pieds orn\u00e9s d\u2019une minuscule boule \u00e0 chaque angle sont particuli\u00e8rement remarquables.","foto":10067}]},"_links":{"self":[{"href":"https:\/\/www.viabelgica.nl\/fr\/wp-json\/wp\/v2\/posts\/16939","targetHints":{"allow":["GET"]}}],"collection":[{"href":"https:\/\/www.viabelgica.nl\/fr\/wp-json\/wp\/v2\/posts"}],"about":[{"href":"https:\/\/www.viabelgica.nl\/fr\/wp-json\/wp\/v2\/types\/post"}],"author":[{"embeddable":true,"href":"https:\/\/www.viabelgica.nl\/fr\/wp-json\/wp\/v2\/users\/10"}],"replies":[{"embeddable":true,"href":"https:\/\/www.viabelgica.nl\/fr\/wp-json\/wp\/v2\/comments?post=16939"}],"version-history":[{"count":2,"href":"https:\/\/www.viabelgica.nl\/fr\/wp-json\/wp\/v2\/posts\/16939\/revisions"}],"predecessor-version":[{"id":16944,"href":"https:\/\/www.viabelgica.nl\/fr\/wp-json\/wp\/v2\/posts\/16939\/revisions\/16944"}],"wp:attachment":[{"href":"https:\/\/www.viabelgica.nl\/fr\/wp-json\/wp\/v2\/media?parent=16939"}],"wp:term":[{"taxonomy":"category","embeddable":true,"href":"https:\/\/www.viabelgica.nl\/fr\/wp-json\/wp\/v2\/categories?post=16939"},{"taxonomy":"post_tag","embeddable":true,"href":"https:\/\/www.viabelgica.nl\/fr\/wp-json\/wp\/v2\/tags?post=16939"}],"curies":[{"name":"wp","href":"https:\/\/api.w.org\/{rel}","templated":true}]}}